{"id":1202,"date":"2018-06-25T16:17:36","date_gmt":"2018-06-25T19:17:36","guid":{"rendered":"http:\/\/viacaofortaleza.com.br\/?p=1202"},"modified":"2018-06-25T16:21:06","modified_gmt":"2018-06-25T19:21:06","slug":"passeio-parque-do-coco","status":"publish","type":"post","link":"http:\/\/viacaofortaleza.com.br\/index.php\/2018\/06\/25\/passeio-parque-do-coco\/","title":{"rendered":"Passeio Parque do Coc\u00f3"},"content":{"rendered":"<p style=\"margin-bottom: 6px; font-family: Helvetica, Arial, sans-serif; color: #1d2129; font-size: 14px; background-color: #ffffff;\">Para encerrar as nossas a\u00e7\u00f5es do m\u00eas do MEIO AMBIENTE, realizamos um passeio para o Parque do Coc\u00f3, em mais uma a\u00e7\u00e3o do Projeto Amigo da Crian\u00e7a. Contamos com a participa\u00e7\u00e3o de funcion\u00e1rios e filhos e com a presen\u00e7a das crian\u00e7as da Escola Municipal Josefa Barros de Alencar, do Infantil V, localizada em Messejana.<\/p>\n<p style=\"margin-top: 6px; margin-bottom: 6px; font-family: Helvetica, Arial, sans-serif; color: #1d2129; font-size: 14px; background-color: #ffffff;\">Em uma tarde cheia de atividades, tivemos a colabora\u00e7\u00e3o da guia do parque para nos conduzir na trilha e repassar informa\u00e7\u00f5es educativas sobre o meio ambiente. Foi um<span class=\"text_exposed_show\" style=\"display: inline; font-family: inherit;\">a tarde muito animada com brincadeiras e para finalizar um picnic no belo visual do parque do coc\u00f3.<\/span><\/p>\n<div class=\"text_exposed_show\" style=\"display: inline; font-family: Helvetica, Arial, sans-serif; color: #1d2129; font-size: 14px; background-color: #ffffff;\">\n<p style=\"margin-bottom: 6px; font-family: inherit;\">As crian\u00e7as s\u00e3o o futuro! Ensinar o caminho correto para trilhar \u00e9 o maior legado que se pode deixar.<\/p>\n<p style=\"margin-top: 6px; margin-bottom: 6px; font-family: inherit;\"><a class=\"_58cn\" style=\"color: #365899; cursor: pointer; text-decoration-line: none; font-family: inherit;\" href=\"https:\/\/www.facebook.com\/hashtag\/preserva%C3%A7%C3%A3o?source=feed_text\" data-ft=\"{&quot;tn&quot;:&quot;*N&quot;,&quot;type&quot;:104}\"><span class=\"_5afx\" style=\"direction: ltr; unicode-bidi: isolate; font-family: inherit;\"><span class=\"_58cl _5afz\" style=\"unicode-bidi: isolate; font-family: inherit;\" aria-label=\"hashtag\">#<\/span><span class=\"_58cm\" style=\"font-family: inherit;\">Preserva\u00e7\u00e3o<\/span><\/span><\/a><br \/>\n<a class=\"_58cn\" style=\"color: #365899; cursor: pointer; text-decoration-line: none; font-family: inherit;\" href=\"https:\/\/www.facebook.com\/hashtag\/parquedococ%C3%B3?source=feed_text\" data-ft=\"{&quot;tn&quot;:&quot;*N&quot;,&quot;type&quot;:104}\"><span class=\"_5afx\" style=\"direction: ltr; unicode-bidi: isolate; font-family: inherit;\"><span class=\"_58cl _5afz\" style=\"unicode-bidi: isolate; font-family: inherit;\" aria-label=\"hashtag\">#<\/span><span class=\"_58cm\" style=\"font-family: inherit;\">ParqueDoCoc\u00f3<\/span><\/span><\/a><\/p>\n<p style=\"margin-top: 6px; margin-bottom: 6px; font-family: inherit;\">Via\u00e7\u00e3o Fortaleza<br \/>\nFortalecendo o aprendizado e o entendimento para a melhoria cont\u00ednua.<\/p>\n<\/div>\n","protected":false},"excerpt":{"rendered":"<p>Para encerrar as nossas a\u00e7\u00f5es do m\u00eas do MEIO AMBIENTE, realizamos um passeio para o Parque do Coc\u00f3, em mais uma a\u00e7\u00e3o do Projeto Amigo da Crian\u00e7a. Contamos com a participa\u00e7\u00e3o de funcion\u00e1rios e filhos e com a presen\u00e7a das crian\u00e7as da Escola Municipal Josefa Barros de Alencar, do Infantil V, localizada em Messejana. Em&hellip; <br \/> <a class=\"read-more\" href=\"http:\/\/viacaofortaleza.com.br\/index.php\/2018\/06\/25\/passeio-parque-do-coco\/\">Leia mais<\/a><\/p>\n","protected":false},"author":1,"featured_media":1208,"comment_status":"open","ping_status":"open","sticky":false,"template":"","format":"standard","meta":{"_mi_skip_tracking":false,"_monsterinsights_sitenote_active":false,"_monsterinsights_sitenote_note":"","_monsterinsights_sitenote_category":0,"ngg_post_thumbnail":0},"categories":[11,12],"tags":[65],"_links":{"self":[{"href":"http:\/\/viacaofortaleza.com.br\/index.php\/wp-json\/wp\/v2\/posts\/1202"}],"collection":[{"href":"http:\/\/viacaofortaleza.com.br\/index.php\/wp-json\/wp\/v2\/posts"}],"about":[{"href":"http:\/\/viacaofortaleza.com.br\/index.php\/wp-json\/wp\/v2\/types\/post"}],"author":[{"embeddable":true,"href":"http:\/\/viacaofortaleza.com.br\/index.php\/wp-json\/wp\/v2\/users\/1"}],"replies":[{"embeddable":true,"href":"http:\/\/viacaofortaleza.com.br\/index.php\/wp-json\/wp\/v2\/comments?post=1202"}],"version-history":[{"count":1,"href":"http:\/\/viacaofortaleza.com.br\/index.php\/wp-json\/wp\/v2\/posts\/1202\/revisions"}],"predecessor-version":[{"id":1204,"href":"http:\/\/viacaofortaleza.com.br\/index.php\/wp-json\/wp\/v2\/posts\/1202\/revisions\/1204"}],"wp:featuredmedia":[{"embeddable":true,"href":"http:\/\/viacaofortaleza.com.br\/index.php\/wp-json\/wp\/v2\/media\/1208"}],"wp:attachment":[{"href":"http:\/\/viacaofortaleza.com.br\/index.php\/wp-json\/wp\/v2\/media?parent=1202"}],"wp:term":[{"taxonomy":"category","embeddable":true,"href":"http:\/\/viacaofortaleza.com.br\/index.php\/wp-json\/wp\/v2\/categories?post=1202"},{"taxonomy":"post_tag","embeddable":true,"href":"http:\/\/viacaofortaleza.com.br\/index.php\/wp-json\/wp\/v2\/tags?post=1202"}],"curies":[{"name":"wp","href":"https:\/\/api.w.org\/{rel}","templated":true}]}}