{"id":1274,"date":"2018-07-02T14:01:24","date_gmt":"2018-07-02T17:01:24","guid":{"rendered":"http:\/\/viacaofortaleza.com.br\/?p=1274"},"modified":"2018-07-02T14:01:24","modified_gmt":"2018-07-02T17:01:24","slug":"acompanhamentos-de-6-meses-e-1-ano-junho","status":"publish","type":"post","link":"http:\/\/viacaofortaleza.com.br\/index.php\/2018\/07\/02\/acompanhamentos-de-6-meses-e-1-ano-junho\/","title":{"rendered":"Acompanhamentos de 6 meses e 1 ano &#8211; Junho"},"content":{"rendered":"<p>Nesta quinta, 28.06, realizamos o acompanhamento por tempo de empresa de 1 ano do m\u00eas de junho. Um dia para relembrar e agradecer por este tempo de dedica\u00e7\u00e3o \u00e0 Via\u00e7\u00e3o Fortaleza.<\/p>\n<p>Desejamos que venham muitos mais anos fazendo parte da fam\u00edlia fortaleza.<\/p>\n<p>Via\u00e7\u00e3o Fortaleza<span class=\"text_exposed_show\"><br \/>\nFortalecendo o aprendizado e o entendimento para a melhoria cont\u00ednua.<\/span><\/p>\n","protected":false},"excerpt":{"rendered":"<p>Nesta quinta, 28.06, realizamos o acompanhamento por tempo de empresa de 1 ano do m\u00eas de junho. Um dia para relembrar e agradecer por este tempo de dedica\u00e7\u00e3o \u00e0 Via\u00e7\u00e3o Fortaleza. Desejamos que venham muitos mais anos fazendo parte da fam\u00edlia fortaleza. Via\u00e7\u00e3o Fortaleza Fortalecendo o aprendizado e o entendimento para a melhoria cont\u00ednua.<\/p>\n","protected":false},"author":1,"featured_media":1276,"comment_status":"open","ping_status":"open","sticky":false,"template":"","format":"standard","meta":{"_mi_skip_tracking":false,"_monsterinsights_sitenote_active":false,"_monsterinsights_sitenote_note":"","_monsterinsights_sitenote_category":0,"ngg_post_thumbnail":0},"categories":[13],"tags":[69],"_links":{"self":[{"href":"http:\/\/viacaofortaleza.com.br\/index.php\/wp-json\/wp\/v2\/posts\/1274"}],"collection":[{"href":"http:\/\/viacaofortaleza.com.br\/index.php\/wp-json\/wp\/v2\/posts"}],"about":[{"href":"http:\/\/viacaofortaleza.com.br\/index.php\/wp-json\/wp\/v2\/types\/post"}],"author":[{"embeddable":true,"href":"http:\/\/viacaofortaleza.com.br\/index.php\/wp-json\/wp\/v2\/users\/1"}],"replies":[{"embeddable":true,"href":"http:\/\/viacaofortaleza.com.br\/index.php\/wp-json\/wp\/v2\/comments?post=1274"}],"version-history":[{"count":1,"href":"http:\/\/viacaofortaleza.com.br\/index.php\/wp-json\/wp\/v2\/posts\/1274\/revisions"}],"predecessor-version":[{"id":1277,"href":"http:\/\/viacaofortaleza.com.br\/index.php\/wp-json\/wp\/v2\/posts\/1274\/revisions\/1277"}],"wp:featuredmedia":[{"embeddable":true,"href":"http:\/\/viacaofortaleza.com.br\/index.php\/wp-json\/wp\/v2\/media\/1276"}],"wp:attachment":[{"href":"http:\/\/viacaofortaleza.com.br\/index.php\/wp-json\/wp\/v2\/media?parent=1274"}],"wp:term":[{"taxonomy":"category","embeddable":true,"href":"http:\/\/viacaofortaleza.com.br\/index.php\/wp-json\/wp\/v2\/categories?post=1274"},{"taxonomy":"post_tag","embeddable":true,"href":"http:\/\/viacaofortaleza.com.br\/index.php\/wp-json\/wp\/v2\/tags?post=1274"}],"curies":[{"name":"wp","href":"https:\/\/api.w.org\/{rel}","templated":true}]}}