{"id":1433,"date":"2018-07-27T08:00:08","date_gmt":"2018-07-27T11:00:08","guid":{"rendered":"http:\/\/viacaofortaleza.com.br\/?p=1433"},"modified":"2018-07-26T16:48:07","modified_gmt":"2018-07-26T19:48:07","slug":"dia-nacional-de-prevencao-de-acidentes-de-trabalho","status":"publish","type":"post","link":"http:\/\/viacaofortaleza.com.br\/index.php\/2018\/07\/27\/dia-nacional-de-prevencao-de-acidentes-de-trabalho\/","title":{"rendered":"Dia Nacional de Preven\u00e7\u00e3o de Acidentes de Trabalho"},"content":{"rendered":"<p>27 de julho &#8211; Dia Nacional de Preven\u00e7\u00e3o de Acidentes de Trabalho<\/p>\n<p>Hoje incentivamos a conscientiza\u00e7\u00e3o da ATEN\u00c7\u00c3O em<br \/>\nseu trabalho, ter essa a\u00e7\u00e3o \u00e9 que PREVINE voc\u00ea e os seus colegas<br \/>\nde trabalho de poss\u00edveis acidentes.<\/p>\n<p>Seja SEGURO e CONSCIENTE, SEGURAN\u00c7A j\u00e1!<\/p>\n<p>Via\u00e7\u00e3o Fortaleza<br \/>\nFortalecendo o aprendizado e o entendimento para a melhoria cont\u00ednua.<\/p>\n","protected":false},"excerpt":{"rendered":"<p>27 de julho &#8211; Dia Nacional de Preven\u00e7\u00e3o de Acidentes de Trabalho Hoje incentivamos a conscientiza\u00e7\u00e3o da ATEN\u00c7\u00c3O em seu trabalho, ter essa a\u00e7\u00e3o \u00e9 que PREVINE voc\u00ea e os seus colegas de trabalho de poss\u00edveis acidentes. Seja SEGURO e CONSCIENTE, SEGURAN\u00c7A j\u00e1! Via\u00e7\u00e3o Fortaleza Fortalecendo o aprendizado e o entendimento para a melhoria cont\u00ednua.<\/p>\n","protected":false},"author":1,"featured_media":1434,"comment_status":"open","ping_status":"open","sticky":false,"template":"","format":"standard","meta":{"_mi_skip_tracking":false,"_monsterinsights_sitenote_active":false,"_monsterinsights_sitenote_note":"","_monsterinsights_sitenote_category":0,"ngg_post_thumbnail":0},"categories":[3],"tags":[80],"_links":{"self":[{"href":"http:\/\/viacaofortaleza.com.br\/index.php\/wp-json\/wp\/v2\/posts\/1433"}],"collection":[{"href":"http:\/\/viacaofortaleza.com.br\/index.php\/wp-json\/wp\/v2\/posts"}],"about":[{"href":"http:\/\/viacaofortaleza.com.br\/index.php\/wp-json\/wp\/v2\/types\/post"}],"author":[{"embeddable":true,"href":"http:\/\/viacaofortaleza.com.br\/index.php\/wp-json\/wp\/v2\/users\/1"}],"replies":[{"embeddable":true,"href":"http:\/\/viacaofortaleza.com.br\/index.php\/wp-json\/wp\/v2\/comments?post=1433"}],"version-history":[{"count":1,"href":"http:\/\/viacaofortaleza.com.br\/index.php\/wp-json\/wp\/v2\/posts\/1433\/revisions"}],"predecessor-version":[{"id":1435,"href":"http:\/\/viacaofortaleza.com.br\/index.php\/wp-json\/wp\/v2\/posts\/1433\/revisions\/1435"}],"wp:featuredmedia":[{"embeddable":true,"href":"http:\/\/viacaofortaleza.com.br\/index.php\/wp-json\/wp\/v2\/media\/1434"}],"wp:attachment":[{"href":"http:\/\/viacaofortaleza.com.br\/index.php\/wp-json\/wp\/v2\/media?parent=1433"}],"wp:term":[{"taxonomy":"category","embeddable":true,"href":"http:\/\/viacaofortaleza.com.br\/index.php\/wp-json\/wp\/v2\/categories?post=1433"},{"taxonomy":"post_tag","embeddable":true,"href":"http:\/\/viacaofortaleza.com.br\/index.php\/wp-json\/wp\/v2\/tags?post=1433"}],"curies":[{"name":"wp","href":"https:\/\/api.w.org\/{rel}","templated":true}]}}