{"id":1446,"date":"2018-07-31T08:18:38","date_gmt":"2018-07-31T11:18:38","guid":{"rendered":"http:\/\/viacaofortaleza.com.br\/?p=1446"},"modified":"2018-07-31T08:18:38","modified_gmt":"2018-07-31T11:18:38","slug":"sipat-2018-encerramento","status":"publish","type":"post","link":"http:\/\/viacaofortaleza.com.br\/index.php\/2018\/07\/31\/sipat-2018-encerramento\/","title":{"rendered":"SIPAT 2018 &#8211; Encerramento"},"content":{"rendered":"<p>Durante toda a semana do dia 23 ao dia 27 de julho, realizamos a nossa SIPAT &#8211; Semana Interna de Preven\u00e7\u00e3o de Acidentes de Trabalho, que teve como tema principal: O cuidado de um \u00e9 a seguran\u00e7a de todos!<\/p>\n<p>Nossa abertura contou com as participa\u00e7\u00f5es dos parceiros do Sest Senat, nas pessoas dos psic\u00f3logos Alexandre Santiago e Jailson Andrade e a nossa fisioterapeuta, Rachel Coelho, que realizou a primeira atividade, um Aul\u00e3o Integrativo com atividades de alongamentos e relaxamentos, no decorrer de todo o dia tivemos a Palestra: Os impactos da Sa\u00fade Emocional no Tr\u00e2nsito, onde foi trabalhada a import\u00e2ncia da sa\u00fade para um bom rendimento no trabalho e na vida pessoal. Tamb\u00e9m realizamos o Cine Seguran\u00e7a, com o tema: Seguran\u00e7a dentro e fora do trabalho, onde exibimos um filme sobre a necessidade de se levar a seguran\u00e7a de dentro da empresa para casa e para todas as a\u00e7\u00f5es na vida.<\/p>\n<p>Continuamos na ter\u00e7a, iniciando o dia com a Blitz da Seguran\u00e7a para orienta\u00e7\u00e3o de circula\u00e7\u00e3o interna de pedestres, sinaliza\u00e7\u00e3o, estacionamento e entre outros. Al\u00e9m da presen\u00e7a do Consult\u00f3rio M\u00f3vel da Dental Master para atendimento odontol\u00f3gico e a Apresenta\u00e7\u00e3o da Pe\u00e7a Teatral: O uso consciente de EPI&#8217;S, que foi realizada por colaboradores da Manuten\u00e7\u00e3o, DP e SESMT, com o intuito de incentivara conscientiza\u00e7\u00e3o da seguran\u00e7a e do uso de EPI&#8217;s. Ainda realizamos a Roleta da Sorte, um quiz com perguntas de todos os setores.<\/p>\n<p>Na quarta, dia 25, foi o Dia do Profissional do Transporte e para comemorar contamos com a presen\u00e7a de gestores da Opera\u00e7\u00e3o, RH e SESMT, durante a madrugada e a noite, para parabeniz\u00e1-los por este dia com um delicioso caf\u00e9 da manh\u00e3 e um lanche da noite. Para presente\u00e1-los, fizemos o sorteio de 2 TV&#8217;s SMART e ainda v\u00e1rios brindes! Tamb\u00e9m realizamos a Roleta da Seguran\u00e7a, onde fizemos um quis de perguntas sobre todos os setores da empresa! Durante todo o dia tivemos diversas atividades com nossos colaboradores, como os quiosques de atendimento, a Van do Sest Senat com o Programa de Preven\u00e7\u00e3o de Acidentes e a nossa Barbearia Zero2, que abriu as portas em parceria com o Instituto Mix Centro.<\/p>\n<p>A nossa SIPAT continua a todo o vapor e na quinta, 26, realizamos o Treinamento Te\u00f3rico e Pr\u00e1tico: Dire\u00e7\u00e3o Defensiva para Motociclistas &#8211; ministrada por agentes da AMC, tratando dos cuidados no tr\u00e2nsito, dire\u00e7\u00e3o defensiva e mobilidade. Tivemos tamb\u00e9m um circuito de motos e o teste de sentidos, com o uso de \u00f3culos que permite a sensa\u00e7\u00e3o de estar alcoolizado e sob o uso de drogas e para finalizar o sorteio de brindes e EPI&#8217;s. Durante todo o dia recebemos a \u00d3tica Vasconcelos, que trouxe a realiza\u00e7\u00e3o de exames de vis\u00e3o, venda de \u00f3culos e os servi\u00e7os de massoterapia, atividade laboral e um palha\u00e7o animador!<\/p>\n<p>Depois de uma semana recheada de atividades para nossos colaboradores, encerramos nesta sexta com a III Corrida SIPAT Via\u00e7\u00e3o Fortaleza, desta vez, no Parque do Coc\u00f3. Ainda tivemos atividades de alongamento, com a nossa fisioterapeuta Elaine Neves, aula de Kick Boxing, com o professor Klauton Freitas, aula de Zumba, com o professor Onassis Ribeiro, entrega de premia\u00e7\u00e3o aos ganhadores da corrida, sorteio de brindes e um Pic Nic super animado e delicioso!<\/p>\n<p>Nossos ganhadores foram:<br \/>\n18 a 40 anos&nbsp;<br \/>\n1\u00ba Lugar &#8211; Cl\u00e9bio (Manuten\u00e7\u00e3o)<br \/>\n2\u00ba Lugar &#8211; Marcos Ant\u00f4nio (Manuten\u00e7\u00e3o)<br \/>\n3\u00ba Lugar &#8211; Luiz (Motorista)<\/p>\n<p>41 a 65 anos&nbsp;<br \/>\n1\u00ba Lugar &#8211; M\u00e1rcio Arcanjo (Manuten\u00e7\u00e3o)<br \/>\n2\u00ba Lugar &#8211; Rufino (Motorista)<br \/>\n3\u00ba Lugar &#8211; Cristiano Silva (Motorista)<\/p>\n<p>Familiares<br \/>\n1\u00ba Lugar &#8211; Cau\u00e3 (Sobrinho Mot. Cristiano)&nbsp;<br \/>\n2\u00ba Lugar &#8211; Pedro (Filho Mot. Cristiano)<\/p>\n<p>Tamb\u00e9m sorteamos a Bicicleta da SIPAT, onde concorreram todos os colaboradores que participaram de alguma atividade durante essa semana. E o ganhador foi o Cobrador Ant\u00f4nio Mendes! Parab\u00e9ns!<\/p>\n<p>Agradecemos a participa\u00e7\u00e3o de todos os nossos colaboradores nessa semana cheia de aprendizado e cuidados com o outro. E tamb\u00e9m aos nossos parceiros, as fisioterapeutas Elaine Neves e Rachel Coelho, Sest Senat, Odonto System, Dental Master, Unimed, Faculdade Est\u00e1cio, Instituto Mix Centro, \u00d3tica Vasconcelos, AMC, aos professores Klauton Freitas e Onassis Ribeiro e ao Parque do Coc\u00f3, que est\u00e3o sempre de bra\u00e7os abertos apoiando e participando de nossas atividades.<\/p>\n<p>SIPAT 2018<br \/>\nO cuidado de um \u00e9 a seguran\u00e7a de todos!<\/p>\n<p>Via\u00e7\u00e3o Fortaleza<br \/>\nFortalecendo o aprendizado e o entendimento para a melhoria cont\u00ednua.<\/p>\n<p><img loading=\"lazy\" class=\"aligncenter wp-image-1455 size-full\" src=\"http:\/\/viacaofortaleza.com.br\/wp-content\/uploads\/2018\/07\/01-3.png\" alt=\"\" width=\"817\" height=\"545\" srcset=\"http:\/\/viacaofortaleza.com.br\/wp-content\/uploads\/2018\/07\/01-3.png 817w, http:\/\/viacaofortaleza.com.br\/wp-content\/uploads\/2018\/07\/01-3-300x200.png 300w, http:\/\/viacaofortaleza.com.br\/wp-content\/uploads\/2018\/07\/01-3-768x512.png 768w\" sizes=\"(max-width: 817px) 100vw, 817px\" \/><img loading=\"lazy\" class=\"aligncenter wp-image-1450 \" src=\"http:\/\/viacaofortaleza.com.br\/wp-content\/uploads\/2018\/07\/IMG_2667-1024x682.jpg\" alt=\"\" width=\"821\" height=\"547\" srcset=\"http:\/\/viacaofortaleza.com.br\/wp-content\/uploads\/2018\/07\/IMG_2667-1024x682.jpg 1024w, http:\/\/viacaofortaleza.com.br\/wp-content\/uploads\/2018\/07\/IMG_2667-300x200.jpg 300w, http:\/\/viacaofortaleza.com.br\/wp-content\/uploads\/2018\/07\/IMG_2667-768x512.jpg 768w, http:\/\/viacaofortaleza.com.br\/wp-content\/uploads\/2018\/07\/IMG_2667.jpg 1235w\" sizes=\"(max-width: 821px) 100vw, 821px\" \/><img loading=\"lazy\" class=\"aligncenter wp-image-1454 size-full\" src=\"http:\/\/viacaofortaleza.com.br\/wp-content\/uploads\/2018\/07\/02-2.png\" alt=\"\" width=\"817\" height=\"545\" srcset=\"http:\/\/viacaofortaleza.com.br\/wp-content\/uploads\/2018\/07\/02-2.png 817w, http:\/\/viacaofortaleza.com.br\/wp-content\/uploads\/2018\/07\/02-2-300x200.png 300w, http:\/\/viacaofortaleza.com.br\/wp-content\/uploads\/2018\/07\/02-2-768x512.png 768w\" sizes=\"(max-width: 817px) 100vw, 817px\" \/><img loading=\"lazy\" class=\"aligncenter wp-image-1453 size-full\" src=\"http:\/\/viacaofortaleza.com.br\/wp-content\/uploads\/2018\/07\/03.png\" alt=\"\" width=\"818\" height=\"545\" srcset=\"http:\/\/viacaofortaleza.com.br\/wp-content\/uploads\/2018\/07\/03.png 818w, http:\/\/viacaofortaleza.com.br\/wp-content\/uploads\/2018\/07\/03-300x200.png 300w, http:\/\/viacaofortaleza.com.br\/wp-content\/uploads\/2018\/07\/03-768x512.png 768w\" sizes=\"(max-width: 818px) 100vw, 818px\" \/><img loading=\"lazy\" class=\"aligncenter wp-image-1452 size-full\" src=\"http:\/\/viacaofortaleza.com.br\/wp-content\/uploads\/2018\/07\/04.png\" alt=\"\" width=\"817\" height=\"544\" srcset=\"http:\/\/viacaofortaleza.com.br\/wp-content\/uploads\/2018\/07\/04.png 817w, http:\/\/viacaofortaleza.com.br\/wp-content\/uploads\/2018\/07\/04-300x200.png 300w, http:\/\/viacaofortaleza.com.br\/wp-content\/uploads\/2018\/07\/04-768x511.png 768w\" sizes=\"(max-width: 817px) 100vw, 817px\" \/><img loading=\"lazy\" class=\"aligncenter wp-image-1451 size-full\" src=\"http:\/\/viacaofortaleza.com.br\/wp-content\/uploads\/2018\/07\/05.png\" alt=\"\" width=\"817\" height=\"545\" srcset=\"http:\/\/viacaofortaleza.com.br\/wp-content\/uploads\/2018\/07\/05.png 817w, http:\/\/viacaofortaleza.com.br\/wp-content\/uploads\/2018\/07\/05-300x200.png 300w, http:\/\/viacaofortaleza.com.br\/wp-content\/uploads\/2018\/07\/05-768x512.png 768w\" sizes=\"(max-width: 817px) 100vw, 817px\" \/><\/p>\n","protected":false},"excerpt":{"rendered":"<p>Durante toda a semana do dia 23 ao dia 27 de julho, realizamos a nossa SIPAT &#8211; Semana Interna de Preven\u00e7\u00e3o de Acidentes de Trabalho, que teve como tema principal: O cuidado de um \u00e9 a seguran\u00e7a de todos! Nossa abertura contou com as participa\u00e7\u00f5es dos parceiros do Sest Senat, nas pessoas dos psic\u00f3logos Alexandre&hellip; <br \/> <a class=\"read-more\" href=\"http:\/\/viacaofortaleza.com.br\/index.php\/2018\/07\/31\/sipat-2018-encerramento\/\">Leia mais<\/a><\/p>\n","protected":false},"author":1,"featured_media":1456,"comment_status":"open","ping_status":"open","sticky":false,"template":"","format":"standard","meta":{"_mi_skip_tracking":false,"_monsterinsights_sitenote_active":false,"_monsterinsights_sitenote_note":"","_monsterinsights_sitenote_category":0,"ngg_post_thumbnail":0},"categories":[12,1],"tags":[76],"_links":{"self":[{"href":"http:\/\/viacaofortaleza.com.br\/index.php\/wp-json\/wp\/v2\/posts\/1446"}],"collection":[{"href":"http:\/\/viacaofortaleza.com.br\/index.php\/wp-json\/wp\/v2\/posts"}],"about":[{"href":"http:\/\/viacaofortaleza.com.br\/index.php\/wp-json\/wp\/v2\/types\/post"}],"author":[{"embeddable":true,"href":"http:\/\/viacaofortaleza.com.br\/index.php\/wp-json\/wp\/v2\/users\/1"}],"replies":[{"embeddable":true,"href":"http:\/\/viacaofortaleza.com.br\/index.php\/wp-json\/wp\/v2\/comments?post=1446"}],"version-history":[{"count":1,"href":"http:\/\/viacaofortaleza.com.br\/index.php\/wp-json\/wp\/v2\/posts\/1446\/revisions"}],"predecessor-version":[{"id":1457,"href":"http:\/\/viacaofortaleza.com.br\/index.php\/wp-json\/wp\/v2\/posts\/1446\/revisions\/1457"}],"wp:featuredmedia":[{"embeddable":true,"href":"http:\/\/viacaofortaleza.com.br\/index.php\/wp-json\/wp\/v2\/media\/1456"}],"wp:attachment":[{"href":"http:\/\/viacaofortaleza.com.br\/index.php\/wp-json\/wp\/v2\/media?parent=1446"}],"wp:term":[{"taxonomy":"category","embeddable":true,"href":"http:\/\/viacaofortaleza.com.br\/index.php\/wp-json\/wp\/v2\/categories?post=1446"},{"taxonomy":"post_tag","embeddable":true,"href":"http:\/\/viacaofortaleza.com.br\/index.php\/wp-json\/wp\/v2\/tags?post=1446"}],"curies":[{"name":"wp","href":"https:\/\/api.w.org\/{rel}","templated":true}]}}