{"id":1609,"date":"2018-08-28T14:24:10","date_gmt":"2018-08-28T17:24:10","guid":{"rendered":"http:\/\/viacaofortaleza.com.br\/?p=1609"},"modified":"2018-08-28T14:24:10","modified_gmt":"2018-08-28T17:24:10","slug":"semana-de-conscientizacao-ao-uso-de-alcool-e-drogas-nas-estradas","status":"publish","type":"post","link":"http:\/\/viacaofortaleza.com.br\/index.php\/2018\/08\/28\/semana-de-conscientizacao-ao-uso-de-alcool-e-drogas-nas-estradas\/","title":{"rendered":"Semana de Conscientiza\u00e7\u00e3o ao Uso de \u00c1lcool e Drogas nas Estradas"},"content":{"rendered":"<p>Semana de Conscientiza\u00e7\u00e3o ao Uso de \u00c1lcool e Drogas nas Estradas.<\/p>\n<p>Mais uma vez Auto Via\u00e7\u00e3o Fortaleza em parceria forte com o SEST\/SENAT, FETRANS e AMC promoveram uma manh\u00e3 em prol da Semana de Conscientiza\u00e7\u00e3o ao Uso de \u00c1lcool e Drogas nas Estradas.<\/p>\n<p>Contamos com a participa\u00e7\u00e3o do agente da AMC R. Filho, que abordou o tema com grande maestria, al\u00e9m de promover uma viv\u00eancia com \u00f3culos de realidade virtual, para que de forma l\u00fadica nossos condutores pudessem entrar em contato c<span class=\"text_exposed_show\">om a realidade de uma dire\u00e7\u00e3o perigosa e a partir disso gerar reflex\u00e3o e conscientiza\u00e7\u00e3o sobre a import\u00e2ncia da condu\u00e7\u00e3o respons\u00e1vel.<\/span><\/p>\n<div class=\"text_exposed_show\">\n<p>Para n\u00f3s, o refor\u00e7o cont\u00ednuo da condu\u00e7\u00e3o segura \u00e9 o que nos torna melhores naquilo que fazemos!<\/p>\n<p>Contamos tamb\u00e9m com a participa\u00e7\u00e3o do Gabriel, coordenador da FETRANS, que falou sobre temas relacionados ao Despoluir, um programa que visa a pr\u00e1tica de a\u00e7\u00f5es sustent\u00e1veis e inovadoras em prol da melhoria da qualidade do ar.<\/p>\n<p>A manh\u00e3 foi recheada de atividades, nossos funcion\u00e1rios foram presenteados com servi\u00e7os de massoterapia, teste de glicemia, aferi\u00e7\u00e3o de press\u00e3o e brindes. Foi uma momento de muito aprendizado e conscientiza\u00e7\u00e3o!<\/p>\n<p>Via\u00e7\u00e3o Fortaleza, fortalecendo o aprendizado continuado!<\/p>\n<p><img loading=\"lazy\" class=\"aligncenter wp-image-1611\" src=\"http:\/\/viacaofortaleza.com.br\/wp-content\/uploads\/2018\/08\/02-1024x683.jpg\" alt=\"\" width=\"600\" height=\"400\" srcset=\"http:\/\/viacaofortaleza.com.br\/wp-content\/uploads\/2018\/08\/02-1024x683.jpg 1024w, http:\/\/viacaofortaleza.com.br\/wp-content\/uploads\/2018\/08\/02-300x200.jpg 300w, http:\/\/viacaofortaleza.com.br\/wp-content\/uploads\/2018\/08\/02-768x512.jpg 768w, http:\/\/viacaofortaleza.com.br\/wp-content\/uploads\/2018\/08\/02-1620x1080.jpg 1620w, http:\/\/viacaofortaleza.com.br\/wp-content\/uploads\/2018\/08\/02.jpg 1944w\" sizes=\"(max-width: 600px) 100vw, 600px\" \/> <img loading=\"lazy\" class=\"aligncenter wp-image-1612\" src=\"http:\/\/viacaofortaleza.com.br\/wp-content\/uploads\/2018\/08\/03-1024x683.jpg\" alt=\"\" width=\"600\" height=\"400\" srcset=\"http:\/\/viacaofortaleza.com.br\/wp-content\/uploads\/2018\/08\/03-1024x683.jpg 1024w, http:\/\/viacaofortaleza.com.br\/wp-content\/uploads\/2018\/08\/03-300x200.jpg 300w, http:\/\/viacaofortaleza.com.br\/wp-content\/uploads\/2018\/08\/03-768x512.jpg 768w, http:\/\/viacaofortaleza.com.br\/wp-content\/uploads\/2018\/08\/03-1620x1080.jpg 1620w, http:\/\/viacaofortaleza.com.br\/wp-content\/uploads\/2018\/08\/03.jpg 1944w\" sizes=\"(max-width: 600px) 100vw, 600px\" \/><\/p>\n<\/div>\n<p><img loading=\"lazy\" class=\"aligncenter wp-image-1613\" src=\"http:\/\/viacaofortaleza.com.br\/wp-content\/uploads\/2018\/08\/04-1024x683.jpg\" alt=\"\" width=\"600\" height=\"400\" srcset=\"http:\/\/viacaofortaleza.com.br\/wp-content\/uploads\/2018\/08\/04-1024x683.jpg 1024w, http:\/\/viacaofortaleza.com.br\/wp-content\/uploads\/2018\/08\/04-300x200.jpg 300w, http:\/\/viacaofortaleza.com.br\/wp-content\/uploads\/2018\/08\/04-768x512.jpg 768w, http:\/\/viacaofortaleza.com.br\/wp-content\/uploads\/2018\/08\/04-1620x1080.jpg 1620w, http:\/\/viacaofortaleza.com.br\/wp-content\/uploads\/2018\/08\/04.jpg 1944w\" sizes=\"(max-width: 600px) 100vw, 600px\" \/><\/p>\n<p>&nbsp;<\/p>\n<p>&nbsp;<\/p>\n","protected":false},"excerpt":{"rendered":"<p>Semana de Conscientiza\u00e7\u00e3o ao Uso de \u00c1lcool e Drogas nas Estradas. Mais uma vez Auto Via\u00e7\u00e3o Fortaleza em parceria forte com o SEST\/SENAT, FETRANS e AMC promoveram uma manh\u00e3 em prol da Semana de Conscientiza\u00e7\u00e3o ao Uso de \u00c1lcool e Drogas nas Estradas. Contamos com a participa\u00e7\u00e3o do agente da AMC R. Filho, que abordou&hellip; <br \/> <a class=\"read-more\" href=\"http:\/\/viacaofortaleza.com.br\/index.php\/2018\/08\/28\/semana-de-conscientizacao-ao-uso-de-alcool-e-drogas-nas-estradas\/\">Leia mais<\/a><\/p>\n","protected":false},"author":1,"featured_media":1614,"comment_status":"open","ping_status":"open","sticky":false,"template":"","format":"standard","meta":{"_mi_skip_tracking":false,"_monsterinsights_sitenote_active":false,"_monsterinsights_sitenote_note":"","_monsterinsights_sitenote_category":0,"ngg_post_thumbnail":0},"categories":[8,12],"tags":[89],"_links":{"self":[{"href":"http:\/\/viacaofortaleza.com.br\/index.php\/wp-json\/wp\/v2\/posts\/1609"}],"collection":[{"href":"http:\/\/viacaofortaleza.com.br\/index.php\/wp-json\/wp\/v2\/posts"}],"about":[{"href":"http:\/\/viacaofortaleza.com.br\/index.php\/wp-json\/wp\/v2\/types\/post"}],"author":[{"embeddable":true,"href":"http:\/\/viacaofortaleza.com.br\/index.php\/wp-json\/wp\/v2\/users\/1"}],"replies":[{"embeddable":true,"href":"http:\/\/viacaofortaleza.com.br\/index.php\/wp-json\/wp\/v2\/comments?post=1609"}],"version-history":[{"count":1,"href":"http:\/\/viacaofortaleza.com.br\/index.php\/wp-json\/wp\/v2\/posts\/1609\/revisions"}],"predecessor-version":[{"id":1615,"href":"http:\/\/viacaofortaleza.com.br\/index.php\/wp-json\/wp\/v2\/posts\/1609\/revisions\/1615"}],"wp:featuredmedia":[{"embeddable":true,"href":"http:\/\/viacaofortaleza.com.br\/index.php\/wp-json\/wp\/v2\/media\/1614"}],"wp:attachment":[{"href":"http:\/\/viacaofortaleza.com.br\/index.php\/wp-json\/wp\/v2\/media?parent=1609"}],"wp:term":[{"taxonomy":"category","embeddable":true,"href":"http:\/\/viacaofortaleza.com.br\/index.php\/wp-json\/wp\/v2\/categories?post=1609"},{"taxonomy":"post_tag","embeddable":true,"href":"http:\/\/viacaofortaleza.com.br\/index.php\/wp-json\/wp\/v2\/tags?post=1609"}],"curies":[{"name":"wp","href":"https:\/\/api.w.org\/{rel}","templated":true}]}}