{"id":1629,"date":"2018-08-28T14:36:32","date_gmt":"2018-08-28T17:36:32","guid":{"rendered":"http:\/\/viacaofortaleza.com.br\/?p=1629"},"modified":"2018-08-28T14:38:45","modified_gmt":"2018-08-28T17:38:45","slug":"1629","status":"publish","type":"post","link":"http:\/\/viacaofortaleza.com.br\/index.php\/2018\/08\/28\/1629\/","title":{"rendered":"Circuito Cicl\u00edstico Sest Senat Etapa Fortaleza"},"content":{"rendered":"<p><span style=\"color: #1d2129; font-family: Helvetica, Arial, sans-serif; font-size: 14px; background-color: #ffffff;\">Bor\u00e1 pedalar?!&nbsp;<\/span><span class=\"_5mfr _47e3\" style=\"line-height: 0; vertical-align: middle; margin-right: 1px; margin-left: 1px; font-family: Helvetica, Arial, sans-serif; color: #1d2129; font-size: 14px; background-color: #ffffff;\"><img loading=\"lazy\" class=\"img\" style=\"border: 0px; vertical-align: -3px;\" role=\"presentation\" src=\"https:\/\/static.xx.fbcdn.net\/images\/emoji.php\/v9\/fa8\/1.5\/16\/1f601.png\" alt=\"\" width=\"16\" height=\"16\"><span class=\"_7oe\" style=\"display: inline; font-size: 0px; width: 0px; font-family: inherit;\">?<\/span><\/span><span class=\"_5mfr _47e3\" style=\"line-height: 0; vertical-align: middle; margin-right: 1px; margin-left: 1px; font-family: Helvetica, Arial, sans-serif; color: #1d2129; font-size: 14px; background-color: #ffffff;\"><img loading=\"lazy\" class=\"img\" style=\"border: 0px; vertical-align: -3px;\" role=\"presentation\" src=\"https:\/\/static.xx.fbcdn.net\/images\/emoji.php\/v9\/f27\/1.5\/16\/1f6b4_200d_2640.png\" alt=\"\" width=\"16\" height=\"16\"><span class=\"_7oe\" style=\"display: inline; font-size: 0px; width: 0px; font-family: inherit;\">?\u200d\u2640\ufe0f<\/span><\/span><span class=\"_5mfr _47e3\" style=\"line-height: 0; vertical-align: middle; margin-right: 1px; margin-left: 1px; font-family: Helvetica, Arial, sans-serif; color: #1d2129; font-size: 14px; background-color: #ffffff;\"><img loading=\"lazy\" class=\"img\" style=\"border: 0px; vertical-align: -3px;\" role=\"presentation\" src=\"https:\/\/static.xx.fbcdn.net\/images\/emoji.php\/v9\/f29\/1.5\/16\/1f6b4_200d_2642.png\" alt=\"\" width=\"16\" height=\"16\"><span class=\"_7oe\" style=\"display: inline; font-size: 0px; width: 0px; font-family: inherit;\">?\u200d\u2642\ufe0f<\/span><\/span><br style=\"color: #1d2129; font-family: Helvetica, Arial, sans-serif; font-size: 14px; background-color: #ffffff;\"><br style=\"color: #1d2129; font-family: Helvetica, Arial, sans-serif; font-size: 14px; background-color: #ffffff;\"><span style=\"color: #1d2129; font-family: Helvetica, Arial, sans-serif; font-size: 14px; background-color: #ffffff;\">Ent\u00e3o acessa o o link&nbsp;<\/span><a style=\"color: #365899; cursor: pointer; text-decoration-line: none; font-family: Helvetica, Arial, sans-serif; font-size: 14px; background-color: #ffffff;\" href=\"http:\/\/projetossociais.sestsenat.org.br\/Etapa\/Index\/5d5dc0e8-8902-4638-bfa8-23a6f5b66f64\" target=\"_blank\" rel=\"nofollow noopener\" data-lynx-mode=\"async\" data-lynx-uri=\"https:\/\/l.facebook.com\/l.php?u=http%3A%2F%2Fprojetossociais.sestsenat.org.br%2FEtapa%2FIndex%2F5d5dc0e8-8902-4638-bfa8-23a6f5b66f64&amp;h=AT0Wh2ZBUjyCRZkxjvJK8MCplgdek8Jm_4hP4nzX1nXpamDT77zsHUmCS-3xob7-9sWtcnPLj-c5p4_b8FGc-EyBnmWdS2Igm1dISVcZFv8nwl2P9t2VWOKxvNwI-e3fXZxyp10tMyfM-4zJJjt4_Q\"><span style=\"font-family: inherit;\">http:\/\/<\/span><wbr><span style=\"font-family: inherit;\">projetossociais.sestsenat.o<\/span><wbr><span style=\"font-family: inherit;\">rg.br\/Etapa\/Index\/<\/span><wbr><span style=\"font-family: inherit;\">5d5dc0e8-8902-4638-bfa8-23a<\/span><wbr>6f5b66f64<\/a><span style=\"color: #1d2129; font-family: Helvetica, Arial, sans-serif; font-size: 14px; background-color: #ffffff;\">&nbsp;<\/span><br style=\"color: #1d2129; font-family: Helvetica, Arial, sans-serif; font-size: 14px; background-color: #ffffff;\"><span style=\"color: #1d2129; font-family: Helvetica, Arial, sans-serif; font-size: 14px; background-color: #ffffff;\">e fa\u00e7a sua inscri\u00e7\u00e3o no Circuito Cicl\u00edstico Sest Senat Etapa Fortaleza!&nbsp;<\/span><br style=\"color: #1d2129; font-family: Helvetica, Arial, sans-serif; font-size: 14px; background-color: #ffffff;\"><span class=\"text_exposed_show\" style=\"display: inline; font-family: Helvetica, Arial, sans-serif; color: #1d2129; font-size: 14px; background-color: #ffffff;\"><br \/>\nPara trabalhadores do transporte com v\u00ednculo empregat\u00edcio e seus dependentes, as inscri\u00e7\u00f5es s\u00e3o gratuitas!&nbsp;<\/span><\/p>\n<p>N\u00e3o fique de fora desse evento dedicado ao esporte e \u00e0 fam\u00edlia!<\/p>\n<p><a class=\"_58cn\" style=\"color: #365899; cursor: pointer; text-decoration-line: none; font-family: inherit;\" href=\"https:\/\/www.facebook.com\/hashtag\/circuitocicl%C3%ADstico\" data-ft=\"{&quot;tn&quot;:&quot;*N&quot;,&quot;type&quot;:104}\">#CircuitoCicl\u00edstico<\/a><br \/>\n<a class=\"_58cn\" style=\"color: #365899; cursor: pointer; text-decoration-line: none; font-family: inherit;\" href=\"https:\/\/www.facebook.com\/hashtag\/qualidadedevida\" data-ft=\"{&quot;tn&quot;:&quot;*N&quot;,&quot;type&quot;:104}\">#QualidadeDeVida<\/a><\/p>\n","protected":false},"excerpt":{"rendered":"<p>Bor\u00e1 pedalar?!&nbsp;??\u200d\u2640\ufe0f?\u200d\u2642\ufe0fEnt\u00e3o acessa o o link&nbsp;http:\/\/projetossociais.sestsenat.org.br\/Etapa\/Index\/5d5dc0e8-8902-4638-bfa8-23a6f5b66f64&nbsp;e fa\u00e7a sua inscri\u00e7\u00e3o no Circuito Cicl\u00edstico Sest Senat Etapa Fortaleza!&nbsp; Para trabalhadores do transporte com v\u00ednculo empregat\u00edcio e seus dependentes, as inscri\u00e7\u00f5es s\u00e3o gratuitas!&nbsp; N\u00e3o fique de fora desse evento dedicado ao esporte e \u00e0 fam\u00edlia! #CircuitoCicl\u00edstico #QualidadeDeVida<\/p>\n","protected":false},"author":1,"featured_media":1630,"comment_status":"open","ping_status":"open","sticky":false,"template":"","format":"standard","meta":{"_mi_skip_tracking":false,"_monsterinsights_sitenote_active":false,"_monsterinsights_sitenote_note":"","_monsterinsights_sitenote_category":0,"ngg_post_thumbnail":0},"categories":[12],"tags":[92],"_links":{"self":[{"href":"http:\/\/viacaofortaleza.com.br\/index.php\/wp-json\/wp\/v2\/posts\/1629"}],"collection":[{"href":"http:\/\/viacaofortaleza.com.br\/index.php\/wp-json\/wp\/v2\/posts"}],"about":[{"href":"http:\/\/viacaofortaleza.com.br\/index.php\/wp-json\/wp\/v2\/types\/post"}],"author":[{"embeddable":true,"href":"http:\/\/viacaofortaleza.com.br\/index.php\/wp-json\/wp\/v2\/users\/1"}],"replies":[{"embeddable":true,"href":"http:\/\/viacaofortaleza.com.br\/index.php\/wp-json\/wp\/v2\/comments?post=1629"}],"version-history":[{"count":2,"href":"http:\/\/viacaofortaleza.com.br\/index.php\/wp-json\/wp\/v2\/posts\/1629\/revisions"}],"predecessor-version":[{"id":1632,"href":"http:\/\/viacaofortaleza.com.br\/index.php\/wp-json\/wp\/v2\/posts\/1629\/revisions\/1632"}],"wp:featuredmedia":[{"embeddable":true,"href":"http:\/\/viacaofortaleza.com.br\/index.php\/wp-json\/wp\/v2\/media\/1630"}],"wp:attachment":[{"href":"http:\/\/viacaofortaleza.com.br\/index.php\/wp-json\/wp\/v2\/media?parent=1629"}],"wp:term":[{"taxonomy":"category","embeddable":true,"href":"http:\/\/viacaofortaleza.com.br\/index.php\/wp-json\/wp\/v2\/categories?post=1629"},{"taxonomy":"post_tag","embeddable":true,"href":"http:\/\/viacaofortaleza.com.br\/index.php\/wp-json\/wp\/v2\/tags?post=1629"}],"curies":[{"name":"wp","href":"https:\/\/api.w.org\/{rel}","templated":true}]}}