{"id":1653,"date":"2018-08-31T09:22:46","date_gmt":"2018-08-31T12:22:46","guid":{"rendered":"http:\/\/viacaofortaleza.com.br\/?p=1653"},"modified":"2018-08-31T09:22:46","modified_gmt":"2018-08-31T12:22:46","slug":"desacelerar-e-preciso-parar-nunca-revista-auto-ceara","status":"publish","type":"post","link":"http:\/\/viacaofortaleza.com.br\/index.php\/2018\/08\/31\/desacelerar-e-preciso-parar-nunca-revista-auto-ceara\/","title":{"rendered":"Desacelerar \u00e9 preciso! Parar, nunca! &#8211; Revista Auto Cear\u00e1"},"content":{"rendered":"<p>Nossa coordenadora de RH, Izabel Bandeira, psic\u00f3loga, colunista da Revista Auto Cear\u00e1 e atuante no transporte urbano de Fortaleza h\u00e1 26 anos, publicou na edi\u00e7\u00e3o desse m\u00eas, uma coluna recheada de reflex\u00e3o, autoconhecimento e atitudes assertivas.<\/p>\n<p>O texto: Desacelerar \u00e9 preciso! Parar, nunca!, nos convida a analisar e mudarmos nossos comportamentos em prol de um bem estar f\u00edsico e emocional.<\/p>\n<p>Acompanhe a publica\u00e7\u00e3o neste link:&nbsp;<a href=\"https:\/\/issuu.com\/editoranucleo7\/docs\/auto-ce_69_issuu\" target=\"_blank\" rel=\"noopener nofollow\" data-ft=\"{&quot;tn&quot;:&quot;-U&quot;}\" data-lynx-mode=\"async\" data-lynx-uri=\"https:\/\/l.facebook.com\/l.php?u=https%3A%2F%2Fissuu.com%2Feditoranucleo7%2Fdocs%2Fauto-ce_69_issuu&amp;h=AT1WUFsYsbzhDldWvju_CsOpRm0jmbrs6lwCZTmr4y9c6lLXjWKk8Jwm5HEN9oBxjfCL5IRTwbEXIN-CW33vvoa5A5raaWW56wMPdPnbao9Mql7x6-FmsroqLmjeMHSpVzw5OKgwngc_vLDjJU4eBYt0y8_5RQxXjBISMY7UfExpo3gZOMckMO48pOPO7wFSHDKzS-WPsLtKBfp74GJjYCj3V3VvK2fX0axmqm8IrHbbfuEWdBXRF4YJNyY-9VuNeJp6BDBaHXC2PIL92bhcPqHVAmOMlV-fMMKggtWJXm4za3aWEvIT_EBDKmwquq_2udUBFV64KnW2DNe8W324dGDDDLO8cEk4iQ4unTYGy8fg0EGe75_C3tgMdYbn0Yy4bP21z7h32vuIDO7l9WQ02TfHkxAEpC6v\">https:\/\/issuu.com\/editoranucleo7\/docs\/auto-ce_69_is<span class=\"text_exposed_show\">suu<\/span><\/a><span class=\"text_exposed_show\"><br \/>\ne boa leitura!<\/span><\/p>\n<div class=\"text_exposed_show\">\n<p><a class=\"_58cn\" href=\"https:\/\/www.facebook.com\/hashtag\/autoconhecimento?source=feed_text&amp;__xts__%5B0%5D=68.ARC8SUhOYT3XZrIDBYwfgSn0lUTzKZ4ZbHRGgOb33wsYoYNNHV7UL63BozkEyf4UPCtiVQgUycQqmQqhm5eBbqMmeGTmKni8jkoRRNatcGKKs9DrxrH2XBw5ufVMtRPYoxPlxoLrH13hBmqmRLznurajwGE_XidyzY14mKa5Jf3K-JWnwFKu2Q&amp;__tn__=%2ANK-R\" data-ft=\"{&quot;type&quot;:104,&quot;tn&quot;:&quot;*N&quot;}\"><span class=\"_5afx\"><span class=\"_58cl _5afz\" aria-label=\"hashtag\">#<\/span><span class=\"_58cm\">Autoconhecimento<\/span><\/span><\/a><br \/>\n<a class=\"_58cn\" href=\"https:\/\/www.facebook.com\/hashtag\/sejaassertivo?source=feed_text&amp;__xts__%5B0%5D=68.ARC8SUhOYT3XZrIDBYwfgSn0lUTzKZ4ZbHRGgOb33wsYoYNNHV7UL63BozkEyf4UPCtiVQgUycQqmQqhm5eBbqMmeGTmKni8jkoRRNatcGKKs9DrxrH2XBw5ufVMtRPYoxPlxoLrH13hBmqmRLznurajwGE_XidyzY14mKa5Jf3K-JWnwFKu2Q&amp;__tn__=%2ANK-R\" data-ft=\"{&quot;type&quot;:104,&quot;tn&quot;:&quot;*N&quot;}\"><span class=\"_5afx\"><span class=\"_58cl _5afz\" aria-label=\"hashtag\">#<\/span><span class=\"_58cm\">SejaAssertivo<\/span><\/span><\/a><\/p>\n<\/div>\n","protected":false},"excerpt":{"rendered":"<p>Nossa coordenadora de RH, Izabel Bandeira, psic\u00f3loga, colunista da Revista Auto Cear\u00e1 e atuante no transporte urbano de Fortaleza h\u00e1 26 anos, publicou na edi\u00e7\u00e3o desse m\u00eas, uma coluna recheada de reflex\u00e3o, autoconhecimento e atitudes assertivas. O texto: Desacelerar \u00e9 preciso! Parar, nunca!, nos convida a analisar e mudarmos nossos comportamentos em prol de um&hellip; <br \/> <a class=\"read-more\" href=\"http:\/\/viacaofortaleza.com.br\/index.php\/2018\/08\/31\/desacelerar-e-preciso-parar-nunca-revista-auto-ceara\/\">Leia mais<\/a><\/p>\n","protected":false},"author":1,"featured_media":1654,"comment_status":"open","ping_status":"open","sticky":false,"template":"","format":"standard","meta":{"_mi_skip_tracking":false,"_monsterinsights_sitenote_active":false,"_monsterinsights_sitenote_note":"","_monsterinsights_sitenote_category":0,"ngg_post_thumbnail":0},"categories":[1],"tags":[93,94],"_links":{"self":[{"href":"http:\/\/viacaofortaleza.com.br\/index.php\/wp-json\/wp\/v2\/posts\/1653"}],"collection":[{"href":"http:\/\/viacaofortaleza.com.br\/index.php\/wp-json\/wp\/v2\/posts"}],"about":[{"href":"http:\/\/viacaofortaleza.com.br\/index.php\/wp-json\/wp\/v2\/types\/post"}],"author":[{"embeddable":true,"href":"http:\/\/viacaofortaleza.com.br\/index.php\/wp-json\/wp\/v2\/users\/1"}],"replies":[{"embeddable":true,"href":"http:\/\/viacaofortaleza.com.br\/index.php\/wp-json\/wp\/v2\/comments?post=1653"}],"version-history":[{"count":1,"href":"http:\/\/viacaofortaleza.com.br\/index.php\/wp-json\/wp\/v2\/posts\/1653\/revisions"}],"predecessor-version":[{"id":1655,"href":"http:\/\/viacaofortaleza.com.br\/index.php\/wp-json\/wp\/v2\/posts\/1653\/revisions\/1655"}],"wp:featuredmedia":[{"embeddable":true,"href":"http:\/\/viacaofortaleza.com.br\/index.php\/wp-json\/wp\/v2\/media\/1654"}],"wp:attachment":[{"href":"http:\/\/viacaofortaleza.com.br\/index.php\/wp-json\/wp\/v2\/media?parent=1653"}],"wp:term":[{"taxonomy":"category","embeddable":true,"href":"http:\/\/viacaofortaleza.com.br\/index.php\/wp-json\/wp\/v2\/categories?post=1653"},{"taxonomy":"post_tag","embeddable":true,"href":"http:\/\/viacaofortaleza.com.br\/index.php\/wp-json\/wp\/v2\/tags?post=1653"}],"curies":[{"name":"wp","href":"https:\/\/api.w.org\/{rel}","templated":true}]}}