{"id":1683,"date":"2018-09-03T14:18:13","date_gmt":"2018-09-03T17:18:13","guid":{"rendered":"http:\/\/viacaofortaleza.com.br\/?p=1683"},"modified":"2018-09-03T14:18:13","modified_gmt":"2018-09-03T17:18:13","slug":"acompanhamentos-6-meses-e-1-ano-agosto","status":"publish","type":"post","link":"http:\/\/viacaofortaleza.com.br\/index.php\/2018\/09\/03\/acompanhamentos-6-meses-e-1-ano-agosto\/","title":{"rendered":"Acompanhamentos 6 meses e 1 ano &#8211; Agosto"},"content":{"rendered":"<p>Nesse m\u00eas de agosto, nos dias 24 e 31, realizamos os acompanhamentos por tempo de empresa de 6 meses e 1 ano.<\/p>\n<p>Dias para relembrar e agradecer pelo empenho e dedica\u00e7\u00e3o de todos os dias pela Via\u00e7\u00e3o Fortaleza.<\/p>\n<p>Desejamos que venham muitos mais anos fazendo parte da fam\u00edlia fortaleza.<\/p>\n<p>Via\u00e7\u00e3o Fortaleza<br \/>\nFortalecendo o aprendizado e o entendimento para a melhoria cont\u00ednua.<\/p>\n<p>&nbsp;<\/p>\n<p><img loading=\"lazy\" class=\"aligncenter wp-image-1685\" src=\"http:\/\/viacaofortaleza.com.br\/wp-content\/uploads\/2018\/09\/WhatsApp-Image-2018-09-03-at-09.26.41.jpeg\" alt=\"\" width=\"600\" height=\"381\" srcset=\"http:\/\/viacaofortaleza.com.br\/wp-content\/uploads\/2018\/09\/WhatsApp-Image-2018-09-03-at-09.26.41.jpeg 914w, http:\/\/viacaofortaleza.com.br\/wp-content\/uploads\/2018\/09\/WhatsApp-Image-2018-09-03-at-09.26.41-300x191.jpeg 300w, http:\/\/viacaofortaleza.com.br\/wp-content\/uploads\/2018\/09\/WhatsApp-Image-2018-09-03-at-09.26.41-768x488.jpeg 768w\" sizes=\"(max-width: 600px) 100vw, 600px\" \/> <img loading=\"lazy\" class=\"aligncenter wp-image-1686\" src=\"http:\/\/viacaofortaleza.com.br\/wp-content\/uploads\/2018\/09\/Sem-t\u00edtulo-1.png\" alt=\"\" width=\"600\" height=\"400\" srcset=\"http:\/\/viacaofortaleza.com.br\/wp-content\/uploads\/2018\/09\/Sem-t\u00edtulo-1.png 723w, http:\/\/viacaofortaleza.com.br\/wp-content\/uploads\/2018\/09\/Sem-t\u00edtulo-1-300x200.png 300w\" sizes=\"(max-width: 600px) 100vw, 600px\" \/><\/p>\n","protected":false},"excerpt":{"rendered":"<p>Nesse m\u00eas de agosto, nos dias 24 e 31, realizamos os acompanhamentos por tempo de empresa de 6 meses e 1 ano. Dias para relembrar e agradecer pelo empenho e dedica\u00e7\u00e3o de todos os dias pela Via\u00e7\u00e3o Fortaleza. Desejamos que venham muitos mais anos fazendo parte da fam\u00edlia fortaleza. Via\u00e7\u00e3o Fortaleza Fortalecendo o aprendizado e&hellip; <br \/> <a class=\"read-more\" href=\"http:\/\/viacaofortaleza.com.br\/index.php\/2018\/09\/03\/acompanhamentos-6-meses-e-1-ano-agosto\/\">Leia mais<\/a><\/p>\n","protected":false},"author":1,"featured_media":1684,"comment_status":"open","ping_status":"open","sticky":false,"template":"","format":"standard","meta":{"_mi_skip_tracking":false,"_monsterinsights_sitenote_active":false,"_monsterinsights_sitenote_note":"","_monsterinsights_sitenote_category":0,"ngg_post_thumbnail":0},"categories":[13],"tags":[18,95],"_links":{"self":[{"href":"http:\/\/viacaofortaleza.com.br\/index.php\/wp-json\/wp\/v2\/posts\/1683"}],"collection":[{"href":"http:\/\/viacaofortaleza.com.br\/index.php\/wp-json\/wp\/v2\/posts"}],"about":[{"href":"http:\/\/viacaofortaleza.com.br\/index.php\/wp-json\/wp\/v2\/types\/post"}],"author":[{"embeddable":true,"href":"http:\/\/viacaofortaleza.com.br\/index.php\/wp-json\/wp\/v2\/users\/1"}],"replies":[{"embeddable":true,"href":"http:\/\/viacaofortaleza.com.br\/index.php\/wp-json\/wp\/v2\/comments?post=1683"}],"version-history":[{"count":1,"href":"http:\/\/viacaofortaleza.com.br\/index.php\/wp-json\/wp\/v2\/posts\/1683\/revisions"}],"predecessor-version":[{"id":1687,"href":"http:\/\/viacaofortaleza.com.br\/index.php\/wp-json\/wp\/v2\/posts\/1683\/revisions\/1687"}],"wp:featuredmedia":[{"embeddable":true,"href":"http:\/\/viacaofortaleza.com.br\/index.php\/wp-json\/wp\/v2\/media\/1684"}],"wp:attachment":[{"href":"http:\/\/viacaofortaleza.com.br\/index.php\/wp-json\/wp\/v2\/media?parent=1683"}],"wp:term":[{"taxonomy":"category","embeddable":true,"href":"http:\/\/viacaofortaleza.com.br\/index.php\/wp-json\/wp\/v2\/categories?post=1683"},{"taxonomy":"post_tag","embeddable":true,"href":"http:\/\/viacaofortaleza.com.br\/index.php\/wp-json\/wp\/v2\/tags?post=1683"}],"curies":[{"name":"wp","href":"https:\/\/api.w.org\/{rel}","templated":true}]}}