{"id":1783,"date":"2018-09-17T08:38:43","date_gmt":"2018-09-17T11:38:43","guid":{"rendered":"http:\/\/viacaofortaleza.com.br\/?p=1783"},"modified":"2018-09-17T08:38:43","modified_gmt":"2018-09-17T11:38:43","slug":"bem-vindos","status":"publish","type":"post","link":"http:\/\/viacaofortaleza.com.br\/index.php\/2018\/09\/17\/bem-vindos\/","title":{"rendered":"Bem Vindos!"},"content":{"rendered":"<p style=\"margin-bottom: 6px; font-family: Helvetica, Arial, sans-serif; color: #1d2129; font-size: 14px; background-color: #ffffff;\"><a class=\"_58cn\" style=\"color: #365899; cursor: pointer; text-decoration-line: none; font-family: inherit;\" href=\"https:\/\/www.facebook.com\/hashtag\/bemvindos?source=feed_text&amp;__xts__%5B0%5D=68.ARARqqE1B9CH2Pl-agDChJB-znGjeNf3YkrLQ1HmdpcpBSfyjFKSTek_YbWz49CxvNhoKawoaQZA8SyuuxTa8lyOor6F9OtYWovAxtw8jjQdDGKq5Mn5zwKQdZUvnVa_j0zjPFcdCqk5qYl_r3H8hkosmxyUQKBQLp4q2KvXW-XpZmsDxlGn9A&amp;__tn__=%2ANK-R\" data-ft=\"{&quot;type&quot;:104,&quot;tn&quot;:&quot;*N&quot;}\"><span class=\"_5afx\" style=\"direction: ltr; unicode-bidi: isolate; font-family: inherit;\"><span class=\"_58cl _5afz\" style=\"unicode-bidi: isolate; font-family: inherit;\" aria-label=\"hashtag\">#<\/span><span class=\"_58cm\" style=\"font-family: inherit;\">BemVindos<\/span><\/span><\/a><\/p>\n<p style=\"margin-top: 6px; margin-bottom: 6px; font-family: Helvetica, Arial, sans-serif; color: #1d2129; font-size: 14px; background-color: #ffffff;\">\u00c9 com grande satisfa\u00e7\u00e3o que a Auto Via\u00e7\u00e3o Fortaleza recebe voc\u00eas, Fonseca, Eduardo Lima, Maylon, Lucas Santos, Paulo Pinho, Mateus e Gabriel Freitas, em nossas equipes de cobradores e jovens aprendizes cobradores em setembro de 2018.<\/p>\n<p style=\"margin-top: 6px; margin-bottom: 6px; font-family: Helvetica, Arial, sans-serif; color: #1d2129; font-size: 14px; background-color: #ffffff;\">Esperamos que tenham uma boa adapta\u00e7\u00e3o e com isso obtenham um excelente desenvolvimento profissional e pessoal.<\/p>\n<div class=\"text_exposed_show\" style=\"display: inline; font-family: Helvetica, Arial, sans-serif; color: #1d2129; font-size: 14px; background-color: #ffffff;\">\n<p style=\"margin-bottom: 6px; font-family: inherit;\">Via\u00e7\u00e3o Fortaleza<br \/>\nFortalecendo o aprendizado e o entendimento para a melhoria cont\u00ednua.<\/p>\n<\/div>\n","protected":false},"excerpt":{"rendered":"<p>#BemVindos \u00c9 com grande satisfa\u00e7\u00e3o que a Auto Via\u00e7\u00e3o Fortaleza recebe voc\u00eas, Fonseca, Eduardo Lima, Maylon, Lucas Santos, Paulo Pinho, Mateus e Gabriel Freitas, em nossas equipes de cobradores e jovens aprendizes cobradores em setembro de 2018. Esperamos que tenham uma boa adapta\u00e7\u00e3o e com isso obtenham um excelente desenvolvimento profissional e pessoal. Via\u00e7\u00e3o Fortaleza&hellip; <br \/> <a class=\"read-more\" href=\"http:\/\/viacaofortaleza.com.br\/index.php\/2018\/09\/17\/bem-vindos\/\">Leia mais<\/a><\/p>\n","protected":false},"author":1,"featured_media":1784,"comment_status":"open","ping_status":"open","sticky":false,"template":"","format":"standard","meta":{"_mi_skip_tracking":false,"_monsterinsights_sitenote_active":false,"_monsterinsights_sitenote_note":"","_monsterinsights_sitenote_category":0,"ngg_post_thumbnail":0},"categories":[34],"tags":[107,108],"_links":{"self":[{"href":"http:\/\/viacaofortaleza.com.br\/index.php\/wp-json\/wp\/v2\/posts\/1783"}],"collection":[{"href":"http:\/\/viacaofortaleza.com.br\/index.php\/wp-json\/wp\/v2\/posts"}],"about":[{"href":"http:\/\/viacaofortaleza.com.br\/index.php\/wp-json\/wp\/v2\/types\/post"}],"author":[{"embeddable":true,"href":"http:\/\/viacaofortaleza.com.br\/index.php\/wp-json\/wp\/v2\/users\/1"}],"replies":[{"embeddable":true,"href":"http:\/\/viacaofortaleza.com.br\/index.php\/wp-json\/wp\/v2\/comments?post=1783"}],"version-history":[{"count":1,"href":"http:\/\/viacaofortaleza.com.br\/index.php\/wp-json\/wp\/v2\/posts\/1783\/revisions"}],"predecessor-version":[{"id":1785,"href":"http:\/\/viacaofortaleza.com.br\/index.php\/wp-json\/wp\/v2\/posts\/1783\/revisions\/1785"}],"wp:featuredmedia":[{"embeddable":true,"href":"http:\/\/viacaofortaleza.com.br\/index.php\/wp-json\/wp\/v2\/media\/1784"}],"wp:attachment":[{"href":"http:\/\/viacaofortaleza.com.br\/index.php\/wp-json\/wp\/v2\/media?parent=1783"}],"wp:term":[{"taxonomy":"category","embeddable":true,"href":"http:\/\/viacaofortaleza.com.br\/index.php\/wp-json\/wp\/v2\/categories?post=1783"},{"taxonomy":"post_tag","embeddable":true,"href":"http:\/\/viacaofortaleza.com.br\/index.php\/wp-json\/wp\/v2\/tags?post=1783"}],"curies":[{"name":"wp","href":"https:\/\/api.w.org\/{rel}","templated":true}]}}