{"id":1792,"date":"2018-09-18T09:58:57","date_gmt":"2018-09-18T12:58:57","guid":{"rendered":"http:\/\/viacaofortaleza.com.br\/?p=1792"},"modified":"2018-09-18T09:58:57","modified_gmt":"2018-09-18T12:58:57","slug":"semana-nacional-do-transito-2018","status":"publish","type":"post","link":"http:\/\/viacaofortaleza.com.br\/index.php\/2018\/09\/18\/semana-nacional-do-transito-2018\/","title":{"rendered":"Semana Nacional do Tr\u00e2nsito 2018"},"content":{"rendered":"<p>A Semana Nacional do Tr\u00e2nsito 2018 est\u00e1 chegando!!<\/p>\n<p>Em parceria com o Sindi\u00f4nibus, a Via\u00e7\u00e3o Fortaleza est\u00e1 com uma programa\u00e7\u00e3o repleta de atividades na semana de 24 a 28 de setembro.<\/p>\n<p>Fique atento as datas e os prazos de inscri\u00e7\u00e3o e participe!!<\/p>\n<div class=\"text_exposed_show\">\n<p>Operadores, queremos ver voc\u00eas l\u00e1!!<\/p>\n<p><a class=\"_58cn\" href=\"https:\/\/www.facebook.com\/hashtag\/semananacionaldotr%C3%A2nsito2018?source=feed_text&amp;__xts__%5B0%5D=68.ARCw-js2uhCuCTHAW4ifNdtDrgHS5qpWlNxM2LwnLZ_Lh__qEvW6vpEqWVCFk36_XZxVWnNM-O2LA_9zxkgYuZ2h02fSXvMrk_rx6i4B1XHapXMftK2IXgG--q0jWVF-LGhhZDJet9vxmOR01D5RjdfQORg1nnMUfjrS_dO9UHi5HsszfoAP_A&amp;__tn__=%2ANK-R\" data-ft=\"{&quot;type&quot;:104,&quot;tn&quot;:&quot;*N&quot;}\"><span class=\"_5afx\"><span class=\"_58cl _5afz\" aria-label=\"hashtag\">#<\/span><span class=\"_58cm\">semananacionaldotr\u00e2nsito2018<\/span><\/span><\/a><br \/>\n<a class=\"_58cn\" href=\"https:\/\/www.facebook.com\/hashtag\/snt2018?source=feed_text&amp;__xts__%5B0%5D=68.ARCw-js2uhCuCTHAW4ifNdtDrgHS5qpWlNxM2LwnLZ_Lh__qEvW6vpEqWVCFk36_XZxVWnNM-O2LA_9zxkgYuZ2h02fSXvMrk_rx6i4B1XHapXMftK2IXgG--q0jWVF-LGhhZDJet9vxmOR01D5RjdfQORg1nnMUfjrS_dO9UHi5HsszfoAP_A&amp;__tn__=%2ANK-R\" data-ft=\"{&quot;type&quot;:104,&quot;tn&quot;:&quot;*N&quot;}\"><span class=\"_5afx\"><span class=\"_58cl _5afz\" aria-label=\"hashtag\">#<\/span><span class=\"_58cm\">snt2018<\/span><\/span><\/a><br \/>\n<a class=\"_58cn\" href=\"https:\/\/www.facebook.com\/hashtag\/n%C3%B3somosotr%C3%A2nsito?source=feed_text&amp;__xts__%5B0%5D=68.ARCw-js2uhCuCTHAW4ifNdtDrgHS5qpWlNxM2LwnLZ_Lh__qEvW6vpEqWVCFk36_XZxVWnNM-O2LA_9zxkgYuZ2h02fSXvMrk_rx6i4B1XHapXMftK2IXgG--q0jWVF-LGhhZDJet9vxmOR01D5RjdfQORg1nnMUfjrS_dO9UHi5HsszfoAP_A&amp;__tn__=%2ANK-R\" data-ft=\"{&quot;type&quot;:104,&quot;tn&quot;:&quot;*N&quot;}\"><span class=\"_5afx\"><span class=\"_58cl _5afz\" aria-label=\"hashtag\">#<\/span><span class=\"_58cm\">n\u00f3somosotr\u00e2nsito<\/span><\/span><\/a><\/p>\n<p>&nbsp;<\/p>\n<\/div>\n<p><img loading=\"lazy\" class=\"aligncenter wp-image-1793 size-large\" src=\"http:\/\/viacaofortaleza.com.br\/wp-content\/uploads\/2018\/09\/CARTAZ-SEMANA-DO-TRANSITO-3-725x1024.png\" alt=\"\" width=\"725\" height=\"1024\" srcset=\"http:\/\/viacaofortaleza.com.br\/wp-content\/uploads\/2018\/09\/CARTAZ-SEMANA-DO-TRANSITO-3-725x1024.png 725w, http:\/\/viacaofortaleza.com.br\/wp-content\/uploads\/2018\/09\/CARTAZ-SEMANA-DO-TRANSITO-3-212x300.png 212w, http:\/\/viacaofortaleza.com.br\/wp-content\/uploads\/2018\/09\/CARTAZ-SEMANA-DO-TRANSITO-3-768x1085.png 768w, http:\/\/viacaofortaleza.com.br\/wp-content\/uploads\/2018\/09\/CARTAZ-SEMANA-DO-TRANSITO-3-1024x1446.png 1024w, http:\/\/viacaofortaleza.com.br\/wp-content\/uploads\/2018\/09\/CARTAZ-SEMANA-DO-TRANSITO-3-765x1080.png 765w, http:\/\/viacaofortaleza.com.br\/wp-content\/uploads\/2018\/09\/CARTAZ-SEMANA-DO-TRANSITO-3.png 1241w\" sizes=\"(max-width: 725px) 100vw, 725px\" \/><\/p>\n","protected":false},"excerpt":{"rendered":"<p>A Semana Nacional do Tr\u00e2nsito 2018 est\u00e1 chegando!! Em parceria com o Sindi\u00f4nibus, a Via\u00e7\u00e3o Fortaleza est\u00e1 com uma programa\u00e7\u00e3o repleta de atividades na semana de 24 a 28 de setembro. Fique atento as datas e os prazos de inscri\u00e7\u00e3o e participe!! Operadores, queremos ver voc\u00eas l\u00e1!! #semananacionaldotr\u00e2nsito2018 #snt2018 #n\u00f3somosotr\u00e2nsito &nbsp;<\/p>\n","protected":false},"author":1,"featured_media":1795,"comment_status":"open","ping_status":"open","sticky":false,"template":"","format":"standard","meta":{"_mi_skip_tracking":false,"_monsterinsights_sitenote_active":false,"_monsterinsights_sitenote_note":"","_monsterinsights_sitenote_category":0,"ngg_post_thumbnail":0},"categories":[12,1],"tags":[109],"_links":{"self":[{"href":"http:\/\/viacaofortaleza.com.br\/index.php\/wp-json\/wp\/v2\/posts\/1792"}],"collection":[{"href":"http:\/\/viacaofortaleza.com.br\/index.php\/wp-json\/wp\/v2\/posts"}],"about":[{"href":"http:\/\/viacaofortaleza.com.br\/index.php\/wp-json\/wp\/v2\/types\/post"}],"author":[{"embeddable":true,"href":"http:\/\/viacaofortaleza.com.br\/index.php\/wp-json\/wp\/v2\/users\/1"}],"replies":[{"embeddable":true,"href":"http:\/\/viacaofortaleza.com.br\/index.php\/wp-json\/wp\/v2\/comments?post=1792"}],"version-history":[{"count":1,"href":"http:\/\/viacaofortaleza.com.br\/index.php\/wp-json\/wp\/v2\/posts\/1792\/revisions"}],"predecessor-version":[{"id":1796,"href":"http:\/\/viacaofortaleza.com.br\/index.php\/wp-json\/wp\/v2\/posts\/1792\/revisions\/1796"}],"wp:featuredmedia":[{"embeddable":true,"href":"http:\/\/viacaofortaleza.com.br\/index.php\/wp-json\/wp\/v2\/media\/1795"}],"wp:attachment":[{"href":"http:\/\/viacaofortaleza.com.br\/index.php\/wp-json\/wp\/v2\/media?parent=1792"}],"wp:term":[{"taxonomy":"category","embeddable":true,"href":"http:\/\/viacaofortaleza.com.br\/index.php\/wp-json\/wp\/v2\/categories?post=1792"},{"taxonomy":"post_tag","embeddable":true,"href":"http:\/\/viacaofortaleza.com.br\/index.php\/wp-json\/wp\/v2\/tags?post=1792"}],"curies":[{"name":"wp","href":"https:\/\/api.w.org\/{rel}","templated":true}]}}