{"id":1797,"date":"2018-09-18T10:01:11","date_gmt":"2018-09-18T13:01:11","guid":{"rendered":"http:\/\/viacaofortaleza.com.br\/?p=1797"},"modified":"2018-09-18T10:01:11","modified_gmt":"2018-09-18T13:01:11","slug":"jovem-aprendiz-nota-10","status":"publish","type":"post","link":"http:\/\/viacaofortaleza.com.br\/index.php\/2018\/09\/18\/jovem-aprendiz-nota-10\/","title":{"rendered":"Jovem Aprendiz Nota 10"},"content":{"rendered":"<p><a class=\"_58cn\" href=\"https:\/\/www.facebook.com\/hashtag\/jovemaprendiznota10?source=feed_text&amp;__xts__%5B0%5D=68.ARAhY-h3pHDiG_q3qUbF0s8mpWcGJQ0E00uG0M50S3sUkMmNAbQlMD5GkbDVpmncL_3szaq-j4SxjOi-wTE56P73lfjN4LD-THnU-p5py5HBWv-wFWE6xRtpLvtPrTxPCkR_evZKutoUQpEaXc66aFO54OWXhFbPR5m9nrhHfhmxcaDLG7Llsg&amp;__tn__=%2ANK-R\" data-ft=\"{&quot;type&quot;:104,&quot;tn&quot;:&quot;*N&quot;}\"><span class=\"_5afx\"><span class=\"_58cl _5afz\" aria-label=\"hashtag\">#<\/span><span class=\"_58cm\">JovemAprendizNota10<\/span><\/span><\/a><\/p>\n<p>A Via\u00e7\u00e3o Fortaleza juntamente com o SEST SENAT, parabenizam os jovens aprendizes, Rafael Carneiro e Ant\u00f4nio Vin\u00edcius, por se destacarem com seu compromisso e responsabilidade na rotina do curso e na empresa, seguindo os requisitos de:<br \/>\n&#8211; PONTUALIDADE;<br \/>\n&#8211; FREQU\u00caNCIA;<span class=\"text_exposed_show\"><br \/>\n&#8211; NOTAS;<br \/>\n&#8211; PARTICIPA\u00c7\u00c3O;<br \/>\n&#8211; ZERO OCORR\u00caNCIAS.<\/span><\/p>\n<div class=\"text_exposed_show\">\n<p>Que muitos jovem se inspirem na dedica\u00e7\u00e3o e compromisso de voc\u00eas!<br \/>\nParab\u00e9ns!<\/p>\n<p>&nbsp;<\/p>\n<\/div>\n<p><img loading=\"lazy\" class=\"aligncenter wp-image-1799 size-full\" src=\"http:\/\/viacaofortaleza.com.br\/wp-content\/uploads\/2018\/09\/\u00b401-1.png\" alt=\"\" width=\"517\" height=\"517\" srcset=\"http:\/\/viacaofortaleza.com.br\/wp-content\/uploads\/2018\/09\/\u00b401-1.png 517w, http:\/\/viacaofortaleza.com.br\/wp-content\/uploads\/2018\/09\/\u00b401-1-150x150.png 150w, http:\/\/viacaofortaleza.com.br\/wp-content\/uploads\/2018\/09\/\u00b401-1-300x300.png 300w\" sizes=\"(max-width: 517px) 100vw, 517px\" \/><\/p>\n","protected":false},"excerpt":{"rendered":"<p>#JovemAprendizNota10 A Via\u00e7\u00e3o Fortaleza juntamente com o SEST SENAT, parabenizam os jovens aprendizes, Rafael Carneiro e Ant\u00f4nio Vin\u00edcius, por se destacarem com seu compromisso e responsabilidade na rotina do curso e na empresa, seguindo os requisitos de: &#8211; PONTUALIDADE; &#8211; FREQU\u00caNCIA; &#8211; NOTAS; &#8211; PARTICIPA\u00c7\u00c3O; &#8211; ZERO OCORR\u00caNCIAS. Que muitos jovem se inspirem na dedica\u00e7\u00e3o&hellip; <br \/> <a class=\"read-more\" href=\"http:\/\/viacaofortaleza.com.br\/index.php\/2018\/09\/18\/jovem-aprendiz-nota-10\/\">Leia mais<\/a><\/p>\n","protected":false},"author":1,"featured_media":1798,"comment_status":"open","ping_status":"open","sticky":false,"template":"","format":"standard","meta":{"_mi_skip_tracking":false,"_monsterinsights_sitenote_active":false,"_monsterinsights_sitenote_note":"","_monsterinsights_sitenote_category":0,"ngg_post_thumbnail":0},"categories":[1],"tags":[74],"_links":{"self":[{"href":"http:\/\/viacaofortaleza.com.br\/index.php\/wp-json\/wp\/v2\/posts\/1797"}],"collection":[{"href":"http:\/\/viacaofortaleza.com.br\/index.php\/wp-json\/wp\/v2\/posts"}],"about":[{"href":"http:\/\/viacaofortaleza.com.br\/index.php\/wp-json\/wp\/v2\/types\/post"}],"author":[{"embeddable":true,"href":"http:\/\/viacaofortaleza.com.br\/index.php\/wp-json\/wp\/v2\/users\/1"}],"replies":[{"embeddable":true,"href":"http:\/\/viacaofortaleza.com.br\/index.php\/wp-json\/wp\/v2\/comments?post=1797"}],"version-history":[{"count":1,"href":"http:\/\/viacaofortaleza.com.br\/index.php\/wp-json\/wp\/v2\/posts\/1797\/revisions"}],"predecessor-version":[{"id":1800,"href":"http:\/\/viacaofortaleza.com.br\/index.php\/wp-json\/wp\/v2\/posts\/1797\/revisions\/1800"}],"wp:featuredmedia":[{"embeddable":true,"href":"http:\/\/viacaofortaleza.com.br\/index.php\/wp-json\/wp\/v2\/media\/1798"}],"wp:attachment":[{"href":"http:\/\/viacaofortaleza.com.br\/index.php\/wp-json\/wp\/v2\/media?parent=1797"}],"wp:term":[{"taxonomy":"category","embeddable":true,"href":"http:\/\/viacaofortaleza.com.br\/index.php\/wp-json\/wp\/v2\/categories?post=1797"},{"taxonomy":"post_tag","embeddable":true,"href":"http:\/\/viacaofortaleza.com.br\/index.php\/wp-json\/wp\/v2\/tags?post=1797"}],"curies":[{"name":"wp","href":"https:\/\/api.w.org\/{rel}","templated":true}]}}