{"id":1867,"date":"2018-09-23T08:47:47","date_gmt":"2018-09-23T11:47:47","guid":{"rendered":"http:\/\/viacaofortaleza.com.br\/?p=1867"},"modified":"2018-09-25T09:09:28","modified_gmt":"2018-09-25T12:09:28","slug":"circuito-ciclistico-sest-senat-fortaleza","status":"publish","type":"post","link":"http:\/\/viacaofortaleza.com.br\/index.php\/2018\/09\/23\/circuito-ciclistico-sest-senat-fortaleza\/","title":{"rendered":"Circuito Cicl\u00edstico Sest Senat &#8211; Fortaleza"},"content":{"rendered":"<p>O&nbsp;<a class=\"_58cn\" href=\"https:\/\/www.facebook.com\/hashtag\/circuitociclisticosestsenat?source=feed_text&amp;__xts__%5B0%5D=68.ARCuXZbPx4lg3yx-VLVAwiYpWGIpmggX0536fU7nirp_S1LTA4WAzfq9QkvhtCNHqsW1PvL2XJh8iZvhy9Vks0Im-OS_eP5lZx_XBmDQl50x0UG4u5j63R9whMrk2KTgucRooUQnmpTJCAdnQXjhg0ynMSr8-mu0tVtPZ8qlXT3HIb2cicnpqQ&amp;__tn__=%2ANK-R\" data-ft=\"{&quot;type&quot;:104,&quot;tn&quot;:&quot;*N&quot;}\"><span class=\"_5afx\"><span class=\"_58cl _5afz\" aria-label=\"hashtag\">#<\/span><span class=\"_58cm\">circuitociclisticosestsenat<\/span><\/span><\/a>, promovido pelo Sest Senat e Fetrans, foi um sucesso e a Via\u00e7\u00e3o Fortaleza tamb\u00e9m passou por l\u00e1!<\/p>\n<p>Nossos profissionais do transporte deram um show de aten\u00e7\u00e3o e respeito no tr\u00e2nsito e cuidado com o meio ambiente. Foi uma manh\u00e3 de muita divers\u00e3o, integra\u00e7\u00e3o, descoberta de novas estradas e muita atividade f\u00edsica.<\/p>\n<p>Muito bonito ver o transporte todo reunido em prol de um tr\u00e2nsito melhor!<\/p>\n<div class=\"text_exposed_show\">\n<p><a class=\"_58cn\" href=\"https:\/\/www.facebook.com\/hashtag\/22desetembrodiamundialsemcarro?source=feed_text&amp;__xts__%5B0%5D=68.ARCuXZbPx4lg3yx-VLVAwiYpWGIpmggX0536fU7nirp_S1LTA4WAzfq9QkvhtCNHqsW1PvL2XJh8iZvhy9Vks0Im-OS_eP5lZx_XBmDQl50x0UG4u5j63R9whMrk2KTgucRooUQnmpTJCAdnQXjhg0ynMSr8-mu0tVtPZ8qlXT3HIb2cicnpqQ&amp;__tn__=%2ANK-R\" data-ft=\"{&quot;type&quot;:104,&quot;tn&quot;:&quot;*N&quot;}\"><span class=\"_5afx\"><span class=\"_58cl _5afz\" aria-label=\"hashtag\">#<\/span><span class=\"_58cm\">22desetembrodiamundialsemcarro&nbsp;<\/span><\/span><\/a>#circuitociclisticosestsenat&nbsp;<a class=\"_58cn\" href=\"https:\/\/www.facebook.com\/hashtag\/condutoresdevida?source=feed_text&amp;__xts__%5B0%5D=68.ARCuXZbPx4lg3yx-VLVAwiYpWGIpmggX0536fU7nirp_S1LTA4WAzfq9QkvhtCNHqsW1PvL2XJh8iZvhy9Vks0Im-OS_eP5lZx_XBmDQl50x0UG4u5j63R9whMrk2KTgucRooUQnmpTJCAdnQXjhg0ynMSr8-mu0tVtPZ8qlXT3HIb2cicnpqQ&amp;__tn__=%2ANK-R\" data-ft=\"{&quot;type&quot;:104,&quot;tn&quot;:&quot;*N&quot;}\"><span class=\"_5afx\"><span class=\"_58cl _5afz\" aria-label=\"hashtag\">#<\/span><span class=\"_58cm\">condutoresdevida<\/span><\/span><\/a><\/p>\n<\/div>\n<p>&nbsp;<\/p>\n<p>&nbsp;<\/p>\n<p><a href=\"http:\/\/viacaofortaleza.com.br\/wp-content\/uploads\/2018\/09\/IMG-20180923-WA0001.jpg\"><img loading=\"lazy\" class=\"aligncenter wp-image-1869\" src=\"http:\/\/viacaofortaleza.com.br\/wp-content\/uploads\/2018\/09\/IMG-20180923-WA0001-1024x767.jpg\" alt=\"\" width=\"600\" height=\"450\" srcset=\"http:\/\/viacaofortaleza.com.br\/wp-content\/uploads\/2018\/09\/IMG-20180923-WA0001-1024x767.jpg 1024w, http:\/\/viacaofortaleza.com.br\/wp-content\/uploads\/2018\/09\/IMG-20180923-WA0001-300x225.jpg 300w, http:\/\/viacaofortaleza.com.br\/wp-content\/uploads\/2018\/09\/IMG-20180923-WA0001-768x575.jpg 768w, http:\/\/viacaofortaleza.com.br\/wp-content\/uploads\/2018\/09\/IMG-20180923-WA0001.jpg 1280w\" sizes=\"(max-width: 600px) 100vw, 600px\" \/><\/a> <a href=\"http:\/\/viacaofortaleza.com.br\/wp-content\/uploads\/2018\/09\/IMG-20180923-WA0002.jpg\"><img loading=\"lazy\" class=\"aligncenter wp-image-1870\" src=\"http:\/\/viacaofortaleza.com.br\/wp-content\/uploads\/2018\/09\/IMG-20180923-WA0002-1024x767.jpg\" alt=\"\" width=\"600\" height=\"450\" srcset=\"http:\/\/viacaofortaleza.com.br\/wp-content\/uploads\/2018\/09\/IMG-20180923-WA0002-1024x767.jpg 1024w, http:\/\/viacaofortaleza.com.br\/wp-content\/uploads\/2018\/09\/IMG-20180923-WA0002-300x225.jpg 300w, http:\/\/viacaofortaleza.com.br\/wp-content\/uploads\/2018\/09\/IMG-20180923-WA0002-768x575.jpg 768w, http:\/\/viacaofortaleza.com.br\/wp-content\/uploads\/2018\/09\/IMG-20180923-WA0002.jpg 1280w\" sizes=\"(max-width: 600px) 100vw, 600px\" \/><\/a> <a href=\"http:\/\/viacaofortaleza.com.br\/wp-content\/uploads\/2018\/09\/IMG-20180924-WA0006.jpg\"><img loading=\"lazy\" class=\"wp-image-1871 aligncenter\" src=\"http:\/\/viacaofortaleza.com.br\/wp-content\/uploads\/2018\/09\/IMG-20180924-WA0006-1024x643.jpg\" alt=\"\" width=\"600\" height=\"377\" srcset=\"http:\/\/viacaofortaleza.com.br\/wp-content\/uploads\/2018\/09\/IMG-20180924-WA0006-1024x643.jpg 1024w, http:\/\/viacaofortaleza.com.br\/wp-content\/uploads\/2018\/09\/IMG-20180924-WA0006-300x188.jpg 300w, http:\/\/viacaofortaleza.com.br\/wp-content\/uploads\/2018\/09\/IMG-20180924-WA0006-768x482.jpg 768w, http:\/\/viacaofortaleza.com.br\/wp-content\/uploads\/2018\/09\/IMG-20180924-WA0006.jpg 1280w\" sizes=\"(max-width: 600px) 100vw, 600px\" \/><\/a><\/p>\n","protected":false},"excerpt":{"rendered":"<p>O&nbsp;#circuitociclisticosestsenat, promovido pelo Sest Senat e Fetrans, foi um sucesso e a Via\u00e7\u00e3o Fortaleza tamb\u00e9m passou por l\u00e1! Nossos profissionais do transporte deram um show de aten\u00e7\u00e3o e respeito no tr\u00e2nsito e cuidado com o meio ambiente. Foi uma manh\u00e3 de muita divers\u00e3o, integra\u00e7\u00e3o, descoberta de novas estradas e muita atividade f\u00edsica. Muito bonito ver&hellip; <br \/> <a class=\"read-more\" href=\"http:\/\/viacaofortaleza.com.br\/index.php\/2018\/09\/23\/circuito-ciclistico-sest-senat-fortaleza\/\">Leia mais<\/a><\/p>\n","protected":false},"author":1,"featured_media":1868,"comment_status":"open","ping_status":"open","sticky":false,"template":"","format":"standard","meta":{"_mi_skip_tracking":false,"_monsterinsights_sitenote_active":false,"_monsterinsights_sitenote_note":"","_monsterinsights_sitenote_category":0,"ngg_post_thumbnail":0},"categories":[12,1],"tags":[113],"_links":{"self":[{"href":"http:\/\/viacaofortaleza.com.br\/index.php\/wp-json\/wp\/v2\/posts\/1867"}],"collection":[{"href":"http:\/\/viacaofortaleza.com.br\/index.php\/wp-json\/wp\/v2\/posts"}],"about":[{"href":"http:\/\/viacaofortaleza.com.br\/index.php\/wp-json\/wp\/v2\/types\/post"}],"author":[{"embeddable":true,"href":"http:\/\/viacaofortaleza.com.br\/index.php\/wp-json\/wp\/v2\/users\/1"}],"replies":[{"embeddable":true,"href":"http:\/\/viacaofortaleza.com.br\/index.php\/wp-json\/wp\/v2\/comments?post=1867"}],"version-history":[{"count":1,"href":"http:\/\/viacaofortaleza.com.br\/index.php\/wp-json\/wp\/v2\/posts\/1867\/revisions"}],"predecessor-version":[{"id":1872,"href":"http:\/\/viacaofortaleza.com.br\/index.php\/wp-json\/wp\/v2\/posts\/1867\/revisions\/1872"}],"wp:featuredmedia":[{"embeddable":true,"href":"http:\/\/viacaofortaleza.com.br\/index.php\/wp-json\/wp\/v2\/media\/1868"}],"wp:attachment":[{"href":"http:\/\/viacaofortaleza.com.br\/index.php\/wp-json\/wp\/v2\/media?parent=1867"}],"wp:term":[{"taxonomy":"category","embeddable":true,"href":"http:\/\/viacaofortaleza.com.br\/index.php\/wp-json\/wp\/v2\/categories?post=1867"},{"taxonomy":"post_tag","embeddable":true,"href":"http:\/\/viacaofortaleza.com.br\/index.php\/wp-json\/wp\/v2\/tags?post=1867"}],"curies":[{"name":"wp","href":"https:\/\/api.w.org\/{rel}","templated":true}]}}