{"id":1873,"date":"2018-09-22T09:07:13","date_gmt":"2018-09-22T12:07:13","guid":{"rendered":"http:\/\/viacaofortaleza.com.br\/?p=1873"},"modified":"2018-09-25T09:09:37","modified_gmt":"2018-09-25T12:09:37","slug":"roda-de-conversa-transporte-sustentavel","status":"publish","type":"post","link":"http:\/\/viacaofortaleza.com.br\/index.php\/2018\/09\/22\/roda-de-conversa-transporte-sustentavel\/","title":{"rendered":"Roda de Conversa Transporte Sustent\u00e1vel"},"content":{"rendered":"<div class=\"\" style=\"font-family: Helvetica, Arial, sans-serif; color: #1d2129; font-size: 14px; white-space: pre-wrap; background-color: #ffffff;\" data-block=\"true\" data-editor=\"a33o\" data-offset-key=\"aaa7j-0-0\">\n<div class=\"_1mf _1mj\" style=\"position: relative; direction: ltr; font-family: inherit;\" data-offset-key=\"aaa7j-0-0\"><span style=\"font-family: inherit;\" data-offset-key=\"aaa7j-0-0\">Nesta sexta, 21, a Via\u00e7\u00e3o Fortaleza esteve presente na Roda de Conversa Transporte Sustent\u00e1vel. O encontro realizado pelo Sindi\u00f4nibus promoveu aos trabalhadores do transporte e \u00e0 sociedade em geral, consci\u00eancia sobre os impactos positivos no uso do transporte coletivo em rela\u00e7\u00e3o ao meio ambiente. <\/span><\/div>\n<\/div>\n<div class=\"\" style=\"font-family: Helvetica, Arial, sans-serif; color: #1d2129; font-size: 14px; white-space: pre-wrap; background-color: #ffffff;\" data-block=\"true\" data-editor=\"a33o\" data-offset-key=\"2rehv-0-0\">\n<div class=\"_1mf _1mj\" style=\"position: relative; direction: ltr; font-family: inherit;\" data-offset-key=\"2rehv-0-0\"><span style=\"font-family: inherit;\" data-offset-key=\"2rehv-0-0\">&nbsp;<\/span><\/div>\n<\/div>\n<div class=\"\" style=\"font-family: Helvetica, Arial, sans-serif; color: #1d2129; font-size: 14px; white-space: pre-wrap; background-color: #ffffff;\" data-block=\"true\" data-editor=\"a33o\" data-offset-key=\"20u6a-0-0\">\n<div class=\"_1mf _1mj\" style=\"position: relative; direction: ltr; font-family: inherit;\" data-offset-key=\"20u6a-0-0\"><span style=\"font-family: inherit;\" data-offset-key=\"20u6a-0-0\">Na ocasi\u00e3o tamb\u00e9m foram presentadas as a\u00e7\u00f5es sustent\u00e1veis das empresas vencedoras do Pr\u00eamio Melhoria da Qualidade do Ar 2018 &#8211; PMQA. <\/span><\/div>\n<\/div>\n<div class=\"\" style=\"font-family: Helvetica, Arial, sans-serif; color: #1d2129; font-size: 14px; white-space: pre-wrap; background-color: #ffffff;\" data-block=\"true\" data-editor=\"a33o\" data-offset-key=\"6qd1d-0-0\">\n<div class=\"_1mf _1mj\" style=\"position: relative; direction: ltr; font-family: inherit;\" data-offset-key=\"6qd1d-0-0\"><span style=\"font-family: inherit;\" data-offset-key=\"6qd1d-0-0\">&nbsp;<\/span><\/div>\n<\/div>\n<div class=\"\" style=\"font-family: Helvetica, Arial, sans-serif; color: #1d2129; font-size: 14px; white-space: pre-wrap; background-color: #ffffff;\" data-block=\"true\" data-editor=\"a33o\" data-offset-key=\"8nrlh-0-0\">\n<div class=\"_1mf _1mj\" style=\"position: relative; direction: ltr; font-family: inherit;\" data-offset-key=\"8nrlh-0-0\"><span style=\"font-family: inherit;\" data-offset-key=\"8nrlh-0-0\">N\u00f3s da Via\u00e7\u00e3o Fortaleza apoiamos atitudes como essa e estamos juntos nessa causa em prol de um meio ambiente melhor!<\/span><\/div>\n<\/div>\n<div class=\"\" style=\"font-family: Helvetica, Arial, sans-serif; color: #1d2129; font-size: 14px; white-space: pre-wrap; background-color: #ffffff;\" data-block=\"true\" data-editor=\"a33o\" data-offset-key=\"86do4-0-0\">\n<div class=\"_1mf _1mj\" style=\"position: relative; direction: ltr; font-family: inherit;\" data-offset-key=\"86do4-0-0\"><span style=\"font-family: inherit;\" data-offset-key=\"86do4-0-0\">&nbsp;<\/span><\/div>\n<\/div>\n<div class=\"\" style=\"font-family: Helvetica, Arial, sans-serif; color: #1d2129; font-size: 14px; white-space: pre-wrap; background-color: #ffffff;\" data-block=\"true\" data-editor=\"a33o\" data-offset-key=\"8o792-0-0\">\n<div class=\"_1mf _1mj\" style=\"position: relative; direction: ltr; font-family: inherit;\" data-offset-key=\"8o792-0-0\"><span class=\"_5zk7\" style=\"background-color: rgba(88, 144, 255, 0.15); border-bottom: 1px solid rgba(88, 144, 255, 0.3); font-family: inherit;\" spellcheck=\"false\" data-offset-key=\"8o792-0-0\"><span style=\"font-family: inherit;\" data-offset-key=\"8o792-0-0\"><span style=\"font-family: inherit;\" data-text=\"true\">#transportesustent\u00e1vel<\/span><\/span><\/span> <span class=\"_5zk7\" style=\"background-color: rgba(88, 144, 255, 0.15); border-bottom: 1px solid rgba(88, 144, 255, 0.3); font-family: inherit;\" spellcheck=\"false\" data-offset-key=\"8o792-2-0\"><span style=\"font-family: inherit;\" data-offset-key=\"8o792-2-0\"><span style=\"font-family: inherit;\" data-text=\"true\">#PMQA<\/span><\/span><\/span> <span class=\"_5zk7\" style=\"background-color: rgba(88, 144, 255, 0.15); border-bottom: 1px solid rgba(88, 144, 255, 0.3); font-family: inherit;\" spellcheck=\"false\" data-offset-key=\"8o792-4-0\"><span style=\"font-family: inherit;\" data-offset-key=\"8o792-4-0\"><span style=\"font-family: inherit;\" data-text=\"true\">#condutoresconscientes<\/span><\/span><\/span><\/div>\n<\/div>\n<div data-offset-key=\"8o792-0-0\"><img loading=\"lazy\" class=\"aligncenter wp-image-1875\" src=\"http:\/\/viacaofortaleza.com.br\/wp-content\/uploads\/2018\/09\/42409357_1916451988422206_439057455649914880_n.jpg\" alt=\"\" width=\"600\" height=\"494\" srcset=\"http:\/\/viacaofortaleza.com.br\/wp-content\/uploads\/2018\/09\/42409357_1916451988422206_439057455649914880_n.jpg 960w, http:\/\/viacaofortaleza.com.br\/wp-content\/uploads\/2018\/09\/42409357_1916451988422206_439057455649914880_n-300x247.jpg 300w, http:\/\/viacaofortaleza.com.br\/wp-content\/uploads\/2018\/09\/42409357_1916451988422206_439057455649914880_n-768x632.jpg 768w\" sizes=\"(max-width: 600px) 100vw, 600px\" \/><\/div>\n","protected":false},"excerpt":{"rendered":"<p>Nesta sexta, 21, a Via\u00e7\u00e3o Fortaleza esteve presente na Roda de Conversa Transporte Sustent\u00e1vel. O encontro realizado pelo Sindi\u00f4nibus promoveu aos trabalhadores do transporte e \u00e0 sociedade em geral, consci\u00eancia sobre os impactos positivos no uso do transporte coletivo em rela\u00e7\u00e3o ao meio ambiente. &nbsp; Na ocasi\u00e3o tamb\u00e9m foram presentadas as a\u00e7\u00f5es sustent\u00e1veis das empresas&hellip; <br \/> <a class=\"read-more\" href=\"http:\/\/viacaofortaleza.com.br\/index.php\/2018\/09\/22\/roda-de-conversa-transporte-sustentavel\/\">Leia mais<\/a><\/p>\n","protected":false},"author":1,"featured_media":1874,"comment_status":"open","ping_status":"open","sticky":false,"template":"","format":"standard","meta":{"_mi_skip_tracking":false,"_monsterinsights_sitenote_active":false,"_monsterinsights_sitenote_note":"","_monsterinsights_sitenote_category":0,"ngg_post_thumbnail":0},"categories":[12,1],"tags":[114],"_links":{"self":[{"href":"http:\/\/viacaofortaleza.com.br\/index.php\/wp-json\/wp\/v2\/posts\/1873"}],"collection":[{"href":"http:\/\/viacaofortaleza.com.br\/index.php\/wp-json\/wp\/v2\/posts"}],"about":[{"href":"http:\/\/viacaofortaleza.com.br\/index.php\/wp-json\/wp\/v2\/types\/post"}],"author":[{"embeddable":true,"href":"http:\/\/viacaofortaleza.com.br\/index.php\/wp-json\/wp\/v2\/users\/1"}],"replies":[{"embeddable":true,"href":"http:\/\/viacaofortaleza.com.br\/index.php\/wp-json\/wp\/v2\/comments?post=1873"}],"version-history":[{"count":1,"href":"http:\/\/viacaofortaleza.com.br\/index.php\/wp-json\/wp\/v2\/posts\/1873\/revisions"}],"predecessor-version":[{"id":1876,"href":"http:\/\/viacaofortaleza.com.br\/index.php\/wp-json\/wp\/v2\/posts\/1873\/revisions\/1876"}],"wp:featuredmedia":[{"embeddable":true,"href":"http:\/\/viacaofortaleza.com.br\/index.php\/wp-json\/wp\/v2\/media\/1874"}],"wp:attachment":[{"href":"http:\/\/viacaofortaleza.com.br\/index.php\/wp-json\/wp\/v2\/media?parent=1873"}],"wp:term":[{"taxonomy":"category","embeddable":true,"href":"http:\/\/viacaofortaleza.com.br\/index.php\/wp-json\/wp\/v2\/categories?post=1873"},{"taxonomy":"post_tag","embeddable":true,"href":"http:\/\/viacaofortaleza.com.br\/index.php\/wp-json\/wp\/v2\/tags?post=1873"}],"curies":[{"name":"wp","href":"https:\/\/api.w.org\/{rel}","templated":true}]}}