{"id":1916,"date":"2018-10-01T07:00:50","date_gmt":"2018-10-01T10:00:50","guid":{"rendered":"http:\/\/viacaofortaleza.com.br\/?p=1916"},"modified":"2018-09-27T14:23:55","modified_gmt":"2018-09-27T17:23:55","slug":"dia-nacional-do-idoso","status":"publish","type":"post","link":"http:\/\/viacaofortaleza.com.br\/index.php\/2018\/10\/01\/dia-nacional-do-idoso\/","title":{"rendered":"Dia Nacional do Idoso"},"content":{"rendered":"<div class=\"\" style=\"font-family: Helvetica, Arial, sans-serif; color: #1d2129; font-size: 14px; white-space: pre-wrap; background-color: #ffffff;\" data-block=\"true\" data-editor=\"e5406\" data-offset-key=\"evi5n-0-0\">\n<div class=\"_1mf _1mj\" style=\"position: relative; direction: ltr; font-family: inherit;\" data-offset-key=\"evi5n-0-0\"><span style=\"font-family: inherit;\" data-offset-key=\"evi5n-0-0\">Neste Dia Nacional do Idoso, vamos comemorar mostrando cada vez mais empatia e respeito \u00e0queles que j\u00e1 percorreram um longo caminho na vida! <\/span><\/div>\n<\/div>\n<div class=\"\" style=\"font-family: Helvetica, Arial, sans-serif; color: #1d2129; font-size: 14px; white-space: pre-wrap; background-color: #ffffff;\" data-block=\"true\" data-editor=\"e5406\" data-offset-key=\"2nji0-0-0\">\n<div class=\"_1mf _1mj\" style=\"position: relative; direction: ltr; font-family: inherit;\" data-offset-key=\"2nji0-0-0\"><span style=\"font-family: inherit;\" data-offset-key=\"2nji0-0-0\">&nbsp;<\/span><\/div>\n<\/div>\n<div class=\"\" style=\"font-family: Helvetica, Arial, sans-serif; color: #1d2129; font-size: 14px; white-space: pre-wrap; background-color: #ffffff;\" data-block=\"true\" data-editor=\"e5406\" data-offset-key=\"6c4im-0-0\">\n<div class=\"_1mf _1mj\" style=\"position: relative; direction: ltr; font-family: inherit;\" data-offset-key=\"6c4im-0-0\"><span style=\"font-family: inherit;\" data-offset-key=\"6c4im-0-0\">Ceda o assento, ajude a subir e descer do \u00f4nibus e na travessia da rua. A melhor idade merece!<\/span><\/div>\n<\/div>\n<div class=\"\" style=\"font-family: Helvetica, Arial, sans-serif; color: #1d2129; font-size: 14px; white-space: pre-wrap; background-color: #ffffff;\" data-block=\"true\" data-editor=\"e5406\" data-offset-key=\"629ak-0-0\">\n<div class=\"_1mf _1mj\" style=\"position: relative; direction: ltr; font-family: inherit;\" data-offset-key=\"629ak-0-0\"><span style=\"font-family: inherit;\" data-offset-key=\"629ak-0-0\">&nbsp;<\/span><\/div>\n<\/div>\n<div class=\"\" style=\"font-family: Helvetica, Arial, sans-serif; color: #1d2129; font-size: 14px; white-space: pre-wrap; background-color: #ffffff;\" data-block=\"true\" data-editor=\"e5406\" data-offset-key=\"d7vrh-0-0\">\n<div class=\"_1mf _1mj\" style=\"position: relative; direction: ltr; font-family: inherit;\" data-offset-key=\"d7vrh-0-0\"><span class=\"_5zk7\" style=\"background-color: rgba(88, 144, 255, 0.15); border-bottom: 1px solid rgba(88, 144, 255, 0.3); font-family: inherit;\" spellcheck=\"false\" data-offset-key=\"d7vrh-0-0\"><span style=\"font-family: inherit;\" data-offset-key=\"d7vrh-0-0\"><span style=\"font-family: inherit;\" data-text=\"true\">#diamundialdamelhoridade<\/span><\/span><\/span><\/div>\n<\/div>\n<div class=\"\" style=\"font-family: Helvetica, Arial, sans-serif; color: #1d2129; font-size: 14px; white-space: pre-wrap; background-color: #ffffff;\" data-block=\"true\" data-editor=\"e5406\" data-offset-key=\"fven4-0-0\">\n<div class=\"_1mf _1mj\" style=\"position: relative; direction: ltr; font-family: inherit;\" data-offset-key=\"fven4-0-0\"><span class=\"_5zk7\" style=\"background-color: rgba(88, 144, 255, 0.15); border-bottom: 1px solid rgba(88, 144, 255, 0.3); font-family: inherit;\" spellcheck=\"false\" data-offset-key=\"fven4-0-0\"><span style=\"font-family: inherit;\" data-offset-key=\"fven4-0-0\"><span style=\"font-family: inherit;\" data-text=\"true\">#boasa\u00e7\u00f5esmudamomundo<\/span><\/span><\/span><\/div>\n<\/div>\n","protected":false},"excerpt":{"rendered":"<p>Neste Dia Nacional do Idoso, vamos comemorar mostrando cada vez mais empatia e respeito \u00e0queles que j\u00e1 percorreram um longo caminho na vida! &nbsp; Ceda o assento, ajude a subir e descer do \u00f4nibus e na travessia da rua. A melhor idade merece! &nbsp; #diamundialdamelhoridade #boasa\u00e7\u00f5esmudamomundo<\/p>\n","protected":false},"author":1,"featured_media":1917,"comment_status":"open","ping_status":"open","sticky":false,"template":"","format":"standard","meta":{"_mi_skip_tracking":false,"_monsterinsights_sitenote_active":false,"_monsterinsights_sitenote_note":"","_monsterinsights_sitenote_category":0,"ngg_post_thumbnail":0},"categories":[3],"tags":[117],"_links":{"self":[{"href":"http:\/\/viacaofortaleza.com.br\/index.php\/wp-json\/wp\/v2\/posts\/1916"}],"collection":[{"href":"http:\/\/viacaofortaleza.com.br\/index.php\/wp-json\/wp\/v2\/posts"}],"about":[{"href":"http:\/\/viacaofortaleza.com.br\/index.php\/wp-json\/wp\/v2\/types\/post"}],"author":[{"embeddable":true,"href":"http:\/\/viacaofortaleza.com.br\/index.php\/wp-json\/wp\/v2\/users\/1"}],"replies":[{"embeddable":true,"href":"http:\/\/viacaofortaleza.com.br\/index.php\/wp-json\/wp\/v2\/comments?post=1916"}],"version-history":[{"count":1,"href":"http:\/\/viacaofortaleza.com.br\/index.php\/wp-json\/wp\/v2\/posts\/1916\/revisions"}],"predecessor-version":[{"id":1918,"href":"http:\/\/viacaofortaleza.com.br\/index.php\/wp-json\/wp\/v2\/posts\/1916\/revisions\/1918"}],"wp:featuredmedia":[{"embeddable":true,"href":"http:\/\/viacaofortaleza.com.br\/index.php\/wp-json\/wp\/v2\/media\/1917"}],"wp:attachment":[{"href":"http:\/\/viacaofortaleza.com.br\/index.php\/wp-json\/wp\/v2\/media?parent=1916"}],"wp:term":[{"taxonomy":"category","embeddable":true,"href":"http:\/\/viacaofortaleza.com.br\/index.php\/wp-json\/wp\/v2\/categories?post=1916"},{"taxonomy":"post_tag","embeddable":true,"href":"http:\/\/viacaofortaleza.com.br\/index.php\/wp-json\/wp\/v2\/tags?post=1916"}],"curies":[{"name":"wp","href":"https:\/\/api.w.org\/{rel}","templated":true}]}}