{"id":1921,"date":"2018-09-29T08:00:15","date_gmt":"2018-09-29T11:00:15","guid":{"rendered":"http:\/\/viacaofortaleza.com.br\/?p=1921"},"modified":"2018-09-28T16:16:29","modified_gmt":"2018-09-28T19:16:29","slug":"acompanhamentos-de-6-meses-e-1-ano-setembro","status":"publish","type":"post","link":"http:\/\/viacaofortaleza.com.br\/index.php\/2018\/09\/29\/acompanhamentos-de-6-meses-e-1-ano-setembro\/","title":{"rendered":"Acompanhamentos de 6 meses e 1 ano &#8211; Setembro"},"content":{"rendered":"<p>Neste m\u00eas de setembro, nos dias 21 e 28, realizamos mais um acompanhamento de 6 meses e 1 ano de novos colaboradores fazendo parte da Via\u00e7\u00e3o Fortaleza. Agradecemos o empenho e dedica\u00e7\u00e3o de todos em suas tarefas di\u00e1rias.<\/p>\n<p>Via\u00e7\u00e3o Fortaleza<br \/>\nFortalecendo o aprendizado e o entendimento para a melhoria cont\u00ednua.<\/p>\n<p>&nbsp;<\/p>\n<p><img loading=\"lazy\" class=\"aligncenter wp-image-1923\" src=\"http:\/\/viacaofortaleza.com.br\/wp-content\/uploads\/2018\/09\/IMG_3397-1024x683.jpg\" alt=\"\" width=\"600\" height=\"400\" srcset=\"http:\/\/viacaofortaleza.com.br\/wp-content\/uploads\/2018\/09\/IMG_3397-1024x683.jpg 1024w, http:\/\/viacaofortaleza.com.br\/wp-content\/uploads\/2018\/09\/IMG_3397-300x200.jpg 300w, http:\/\/viacaofortaleza.com.br\/wp-content\/uploads\/2018\/09\/IMG_3397-768x512.jpg 768w, http:\/\/viacaofortaleza.com.br\/wp-content\/uploads\/2018\/09\/IMG_3397-1620x1080.jpg 1620w\" sizes=\"(max-width: 600px) 100vw, 600px\" \/> <img loading=\"lazy\" class=\"aligncenter wp-image-1924\" src=\"http:\/\/viacaofortaleza.com.br\/wp-content\/uploads\/2018\/09\/IMG-20180928-WA0022-1024x683.jpg\" alt=\"\" width=\"600\" height=\"400\" srcset=\"http:\/\/viacaofortaleza.com.br\/wp-content\/uploads\/2018\/09\/IMG-20180928-WA0022-1024x683.jpg 1024w, http:\/\/viacaofortaleza.com.br\/wp-content\/uploads\/2018\/09\/IMG-20180928-WA0022-300x200.jpg 300w, http:\/\/viacaofortaleza.com.br\/wp-content\/uploads\/2018\/09\/IMG-20180928-WA0022-768x512.jpg 768w, http:\/\/viacaofortaleza.com.br\/wp-content\/uploads\/2018\/09\/IMG-20180928-WA0022-1619x1080.jpg 1619w, http:\/\/viacaofortaleza.com.br\/wp-content\/uploads\/2018\/09\/IMG-20180928-WA0022.jpg 1808w\" sizes=\"(max-width: 600px) 100vw, 600px\" \/><\/p>\n","protected":false},"excerpt":{"rendered":"<p>Neste m\u00eas de setembro, nos dias 21 e 28, realizamos mais um acompanhamento de 6 meses e 1 ano de novos colaboradores fazendo parte da Via\u00e7\u00e3o Fortaleza. Agradecemos o empenho e dedica\u00e7\u00e3o de todos em suas tarefas di\u00e1rias. Via\u00e7\u00e3o Fortaleza Fortalecendo o aprendizado e o entendimento para a melhoria cont\u00ednua. &nbsp;<\/p>\n","protected":false},"author":1,"featured_media":1922,"comment_status":"open","ping_status":"open","sticky":false,"template":"","format":"standard","meta":{"_mi_skip_tracking":false,"_monsterinsights_sitenote_active":false,"_monsterinsights_sitenote_note":"","_monsterinsights_sitenote_category":0,"ngg_post_thumbnail":0},"categories":[13],"tags":[],"_links":{"self":[{"href":"http:\/\/viacaofortaleza.com.br\/index.php\/wp-json\/wp\/v2\/posts\/1921"}],"collection":[{"href":"http:\/\/viacaofortaleza.com.br\/index.php\/wp-json\/wp\/v2\/posts"}],"about":[{"href":"http:\/\/viacaofortaleza.com.br\/index.php\/wp-json\/wp\/v2\/types\/post"}],"author":[{"embeddable":true,"href":"http:\/\/viacaofortaleza.com.br\/index.php\/wp-json\/wp\/v2\/users\/1"}],"replies":[{"embeddable":true,"href":"http:\/\/viacaofortaleza.com.br\/index.php\/wp-json\/wp\/v2\/comments?post=1921"}],"version-history":[{"count":1,"href":"http:\/\/viacaofortaleza.com.br\/index.php\/wp-json\/wp\/v2\/posts\/1921\/revisions"}],"predecessor-version":[{"id":1925,"href":"http:\/\/viacaofortaleza.com.br\/index.php\/wp-json\/wp\/v2\/posts\/1921\/revisions\/1925"}],"wp:featuredmedia":[{"embeddable":true,"href":"http:\/\/viacaofortaleza.com.br\/index.php\/wp-json\/wp\/v2\/media\/1922"}],"wp:attachment":[{"href":"http:\/\/viacaofortaleza.com.br\/index.php\/wp-json\/wp\/v2\/media?parent=1921"}],"wp:term":[{"taxonomy":"category","embeddable":true,"href":"http:\/\/viacaofortaleza.com.br\/index.php\/wp-json\/wp\/v2\/categories?post=1921"},{"taxonomy":"post_tag","embeddable":true,"href":"http:\/\/viacaofortaleza.com.br\/index.php\/wp-json\/wp\/v2\/tags?post=1921"}],"curies":[{"name":"wp","href":"https:\/\/api.w.org\/{rel}","templated":true}]}}