{"id":1964,"date":"2018-10-01T15:15:34","date_gmt":"2018-10-01T18:15:34","guid":{"rendered":"http:\/\/viacaofortaleza.com.br\/?p=1964"},"modified":"2018-10-01T15:15:34","modified_gmt":"2018-10-01T18:15:34","slug":"semana-nacional-do-transito-2018-6","status":"publish","type":"post","link":"http:\/\/viacaofortaleza.com.br\/index.php\/2018\/10\/01\/semana-nacional-do-transito-2018-6\/","title":{"rendered":"Semana Nacional do Tr\u00e2nsito 2018"},"content":{"rendered":"<div class=\"\" data-block=\"true\" data-editor=\"90ic1\" data-offset-key=\"3tf7e-0-0\">\n<div class=\"_1mf _1mj\" data-offset-key=\"3tf7e-0-0\"><span data-offset-key=\"3tf7e-0-0\">A Via\u00e7\u00e3o Fortaleza tamb\u00e9m esteve presente nas a\u00e7\u00f5es da Semana Nacional do Tr\u00e2nsito 2018, promovida pelo Sindi\u00f4nibus.<\/span><\/div>\n<\/div>\n<div class=\"\" data-block=\"true\" data-editor=\"90ic1\" data-offset-key=\"qsvs-0-0\">\n<div class=\"_1mf _1mj\" data-offset-key=\"qsvs-0-0\"><span data-offset-key=\"qsvs-0-0\">&nbsp;<\/span><\/div>\n<\/div>\n<div class=\"\" data-block=\"true\" data-editor=\"90ic1\" data-offset-key=\"3r08d-0-0\">\n<div class=\"_1mf _1mj\" data-offset-key=\"3r08d-0-0\"><span data-offset-key=\"3r08d-0-0\">Contamos com a participa\u00e7\u00e3o de nossos profissionais do transporte, que participaram da Abordagem Educativa para operadores e presta\u00e7\u00e3o de servi\u00e7os do Sest Senat, com aferi\u00e7\u00e3o de press\u00e3o, glicemia e massoterapia, no terminal de Messejana e, tamb\u00e9m, participando da Roda de Conversa com autoridades do tr\u00e2nsito e do Sindi\u00f4nibus, realizada no Sest Senat.<\/span><\/div>\n<\/div>\n<div class=\"\" data-block=\"true\" data-editor=\"90ic1\" data-offset-key=\"9up3t-0-0\">\n<div class=\"_1mf _1mj\" data-offset-key=\"9up3t-0-0\"><span data-offset-key=\"9up3t-0-0\">&nbsp;<\/span><\/div>\n<\/div>\n<div class=\"\" data-block=\"true\" data-editor=\"90ic1\" data-offset-key=\"9jr24-0-0\">\n<div class=\"_1mf _1mj\" data-offset-key=\"9jr24-0-0\"><span data-offset-key=\"9jr24-0-0\">Agradecemos aos nossos colaboradores que est\u00e3o sempre dispostos a participar e aprender, melhorando sempre a seguran\u00e7a no tr\u00e2nsito.<\/span><\/div>\n<\/div>\n<div class=\"\" data-block=\"true\" data-editor=\"90ic1\" data-offset-key=\"44cho-0-0\">\n<div class=\"_1mf _1mj\" data-offset-key=\"44cho-0-0\"><span data-offset-key=\"44cho-0-0\">&nbsp;<\/span><\/div>\n<\/div>\n<div class=\"\" data-block=\"true\" data-editor=\"90ic1\" data-offset-key=\"4otqr-0-0\">\n<div class=\"_1mf _1mj\" data-offset-key=\"4otqr-0-0\"><span class=\"_5zk7\" spellcheck=\"false\" data-offset-key=\"4otqr-0-0\"><span data-offset-key=\"4otqr-0-0\">#seguran\u00e7anotr\u00e2nsito<\/span><\/span><\/div>\n<\/div>\n<div class=\"\" data-block=\"true\" data-editor=\"90ic1\" data-offset-key=\"9e5vc-0-0\">\n<div class=\"_1mf _1mj\" data-offset-key=\"9e5vc-0-0\"><span class=\"_5zk7\" spellcheck=\"false\" data-offset-key=\"9e5vc-0-0\"><span data-offset-key=\"9e5vc-0-0\">#semananacionaldotr\u00e2nsito<\/span><\/span><\/div>\n<\/div>\n<div class=\"\" data-block=\"true\" data-editor=\"90ic1\" data-offset-key=\"3daiu-0-0\">\n<div class=\"_1mf _1mj\" data-offset-key=\"3daiu-0-0\"><span class=\"_5zk7\" spellcheck=\"false\" data-offset-key=\"3daiu-0-0\"><span data-offset-key=\"3daiu-0-0\">#condutoresdevida<\/span><\/span><\/div>\n<\/div>\n<div data-offset-key=\"3daiu-0-0\"><a href=\"http:\/\/viacaofortaleza.com.br\/wp-content\/uploads\/2018\/10\/IMG_3501.jpg\"><img loading=\"lazy\" class=\"alignleft size-medium wp-image-1967\" src=\"http:\/\/viacaofortaleza.com.br\/wp-content\/uploads\/2018\/10\/IMG_3505-300x200.jpg\" alt=\"\" width=\"300\" height=\"200\" srcset=\"http:\/\/viacaofortaleza.com.br\/wp-content\/uploads\/2018\/10\/IMG_3505-300x200.jpg 300w, http:\/\/viacaofortaleza.com.br\/wp-content\/uploads\/2018\/10\/IMG_3505-768x512.jpg 768w, http:\/\/viacaofortaleza.com.br\/wp-content\/uploads\/2018\/10\/IMG_3505-1024x683.jpg 1024w, http:\/\/viacaofortaleza.com.br\/wp-content\/uploads\/2018\/10\/IMG_3505-1620x1080.jpg 1620w\" sizes=\"(max-width: 300px) 100vw, 300px\" \/><img loading=\"lazy\" class=\"alignleft size-medium wp-image-1966\" src=\"http:\/\/viacaofortaleza.com.br\/wp-content\/uploads\/2018\/10\/IMG_3501-300x200.jpg\" alt=\"\" width=\"300\" height=\"200\" srcset=\"http:\/\/viacaofortaleza.com.br\/wp-content\/uploads\/2018\/10\/IMG_3501-300x200.jpg 300w, http:\/\/viacaofortaleza.com.br\/wp-content\/uploads\/2018\/10\/IMG_3501-768x512.jpg 768w, http:\/\/viacaofortaleza.com.br\/wp-content\/uploads\/2018\/10\/IMG_3501-1024x683.jpg 1024w, http:\/\/viacaofortaleza.com.br\/wp-content\/uploads\/2018\/10\/IMG_3501-1620x1080.jpg 1620w\" sizes=\"(max-width: 300px) 100vw, 300px\" \/><\/a><img loading=\"lazy\" class=\"alignleft size-medium wp-image-1968\" src=\"http:\/\/viacaofortaleza.com.br\/wp-content\/uploads\/2018\/10\/0000-300x200.png\" alt=\"\" width=\"300\" height=\"200\" srcset=\"http:\/\/viacaofortaleza.com.br\/wp-content\/uploads\/2018\/10\/0000-300x200.png 300w, http:\/\/viacaofortaleza.com.br\/wp-content\/uploads\/2018\/10\/0000-768x513.png 768w, http:\/\/viacaofortaleza.com.br\/wp-content\/uploads\/2018\/10\/0000.png 890w\" sizes=\"(max-width: 300px) 100vw, 300px\" \/><a href=\"http:\/\/viacaofortaleza.com.br\/wp-content\/uploads\/2018\/10\/Sem-t\u00edtulo-1.png\"><img loading=\"lazy\" class=\"alignleft size-medium wp-image-1972\" src=\"http:\/\/viacaofortaleza.com.br\/wp-content\/uploads\/2018\/10\/Sem-t\u00edtulo-1-300x200.png\" alt=\"\" width=\"300\" height=\"200\" srcset=\"http:\/\/viacaofortaleza.com.br\/wp-content\/uploads\/2018\/10\/Sem-t\u00edtulo-1-300x200.png 300w, http:\/\/viacaofortaleza.com.br\/wp-content\/uploads\/2018\/10\/Sem-t\u00edtulo-1.png 710w\" sizes=\"(max-width: 300px) 100vw, 300px\" \/><\/a><\/div>\n<p>&nbsp;<\/p>\n","protected":false},"excerpt":{"rendered":"<p>A Via\u00e7\u00e3o Fortaleza tamb\u00e9m esteve presente nas a\u00e7\u00f5es da Semana Nacional do Tr\u00e2nsito 2018, promovida pelo Sindi\u00f4nibus. &nbsp; Contamos com a participa\u00e7\u00e3o de nossos profissionais do transporte, que participaram da Abordagem Educativa para operadores e presta\u00e7\u00e3o de servi\u00e7os do Sest Senat, com aferi\u00e7\u00e3o de press\u00e3o, glicemia e massoterapia, no terminal de Messejana e, tamb\u00e9m, participando&hellip; <br \/> <a class=\"read-more\" href=\"http:\/\/viacaofortaleza.com.br\/index.php\/2018\/10\/01\/semana-nacional-do-transito-2018-6\/\">Leia mais<\/a><\/p>\n","protected":false},"author":1,"featured_media":1965,"comment_status":"open","ping_status":"open","sticky":false,"template":"","format":"standard","meta":{"_mi_skip_tracking":false,"_monsterinsights_sitenote_active":false,"_monsterinsights_sitenote_note":"","_monsterinsights_sitenote_category":0,"ngg_post_thumbnail":0},"categories":[12,1],"tags":[109],"_links":{"self":[{"href":"http:\/\/viacaofortaleza.com.br\/index.php\/wp-json\/wp\/v2\/posts\/1964"}],"collection":[{"href":"http:\/\/viacaofortaleza.com.br\/index.php\/wp-json\/wp\/v2\/posts"}],"about":[{"href":"http:\/\/viacaofortaleza.com.br\/index.php\/wp-json\/wp\/v2\/types\/post"}],"author":[{"embeddable":true,"href":"http:\/\/viacaofortaleza.com.br\/index.php\/wp-json\/wp\/v2\/users\/1"}],"replies":[{"embeddable":true,"href":"http:\/\/viacaofortaleza.com.br\/index.php\/wp-json\/wp\/v2\/comments?post=1964"}],"version-history":[{"count":1,"href":"http:\/\/viacaofortaleza.com.br\/index.php\/wp-json\/wp\/v2\/posts\/1964\/revisions"}],"predecessor-version":[{"id":1973,"href":"http:\/\/viacaofortaleza.com.br\/index.php\/wp-json\/wp\/v2\/posts\/1964\/revisions\/1973"}],"wp:featuredmedia":[{"embeddable":true,"href":"http:\/\/viacaofortaleza.com.br\/index.php\/wp-json\/wp\/v2\/media\/1965"}],"wp:attachment":[{"href":"http:\/\/viacaofortaleza.com.br\/index.php\/wp-json\/wp\/v2\/media?parent=1964"}],"wp:term":[{"taxonomy":"category","embeddable":true,"href":"http:\/\/viacaofortaleza.com.br\/index.php\/wp-json\/wp\/v2\/categories?post=1964"},{"taxonomy":"post_tag","embeddable":true,"href":"http:\/\/viacaofortaleza.com.br\/index.php\/wp-json\/wp\/v2\/tags?post=1964"}],"curies":[{"name":"wp","href":"https:\/\/api.w.org\/{rel}","templated":true}]}}