{"id":2501,"date":"2018-11-30T14:17:20","date_gmt":"2018-11-30T17:17:20","guid":{"rendered":"http:\/\/viacaofortaleza.com.br\/?p=2501"},"modified":"2018-11-30T14:17:20","modified_gmt":"2018-11-30T17:17:20","slug":"acompanhamentos-6-meses-e-1-ano-novembro","status":"publish","type":"post","link":"http:\/\/viacaofortaleza.com.br\/index.php\/2018\/11\/30\/acompanhamentos-6-meses-e-1-ano-novembro\/","title":{"rendered":"Acompanhamentos 6 meses e 1 ano &#8211; Novembro"},"content":{"rendered":"<div class=\"\" style=\"font-family: Helvetica, Arial, sans-serif; color: #1d2129; font-size: 14px; white-space: pre-wrap; background-color: #ffffff;\" data-block=\"true\" data-editor=\"19s3r\" data-offset-key=\"mfro-0-0\">\n<div class=\"_1mf _1mj\" style=\"position: relative; direction: ltr; font-family: inherit;\" data-offset-key=\"mfro-0-0\"><span style=\"font-family: inherit;\" data-offset-key=\"mfro-0-0\">Este m\u00eas de novembro, nos dias 23 e 30, realizamos os acompanhamentos pelos primeiros 6 meses e 1 ano de colabora\u00e7\u00e3o para com a Via\u00e7\u00e3o Fortaleza.<\/span><\/div>\n<\/div>\n<div class=\"\" style=\"font-family: Helvetica, Arial, sans-serif; color: #1d2129; font-size: 14px; white-space: pre-wrap; background-color: #ffffff;\" data-block=\"true\" data-editor=\"19s3r\" data-offset-key=\"32ki5-0-0\">\n<div class=\"_1mf _1mj\" style=\"position: relative; direction: ltr; font-family: inherit;\" data-offset-key=\"32ki5-0-0\"><span style=\"font-family: inherit;\" data-offset-key=\"32ki5-0-0\">&nbsp;<\/span><\/div>\n<\/div>\n<div class=\"\" style=\"font-family: Helvetica, Arial, sans-serif; color: #1d2129; font-size: 14px; white-space: pre-wrap; background-color: #ffffff;\" data-block=\"true\" data-editor=\"19s3r\" data-offset-key=\"6vopo-0-0\">\n<div class=\"_1mf _1mj\" style=\"position: relative; direction: ltr; font-family: inherit;\" data-offset-key=\"6vopo-0-0\"><span style=\"font-family: inherit;\" data-offset-key=\"6vopo-0-0\">Agradecemos por termos em nosso quadro de colaboradores pessoas engajadas em fazer a diferen\u00e7a e em mostrar sempre o seu melhor profissional e pessoalmente.<\/span><\/div>\n<\/div>\n<div class=\"\" style=\"font-family: Helvetica, Arial, sans-serif; color: #1d2129; font-size: 14px; white-space: pre-wrap; background-color: #ffffff;\" data-block=\"true\" data-editor=\"19s3r\" data-offset-key=\"bb2g8-0-0\">\n<div class=\"_1mf _1mj\" style=\"position: relative; direction: ltr; font-family: inherit;\" data-offset-key=\"bb2g8-0-0\"><span style=\"font-family: inherit;\" data-offset-key=\"bb2g8-0-0\">&nbsp;<\/span><\/div>\n<\/div>\n<div class=\"\" style=\"font-family: Helvetica, Arial, sans-serif; color: #1d2129; font-size: 14px; white-space: pre-wrap; background-color: #ffffff;\" data-block=\"true\" data-editor=\"19s3r\" data-offset-key=\"5s5k7-0-0\">\n<div class=\"_1mf _1mj\" style=\"position: relative; direction: ltr; font-family: inherit;\" data-offset-key=\"5s5k7-0-0\"><span style=\"font-family: inherit;\" data-offset-key=\"5s5k7-0-0\">Via\u00e7\u00e3o Fortaleza<\/span><\/div>\n<\/div>\n<div class=\"\" style=\"font-family: Helvetica, Arial, sans-serif; color: #1d2129; font-size: 14px; white-space: pre-wrap; background-color: #ffffff;\" data-block=\"true\" data-editor=\"19s3r\" data-offset-key=\"17cgi-0-0\">\n<div class=\"_1mf _1mj\" style=\"position: relative; direction: ltr; font-family: inherit;\" data-offset-key=\"17cgi-0-0\"><span style=\"font-family: inherit;\" data-offset-key=\"17cgi-0-0\">H\u00e1 66 anos, conduzindo e valorizando pessoas atrav\u00e9s do entendimento.<\/span><\/div>\n<\/div>\n<div data-offset-key=\"17cgi-0-0\">&nbsp;<\/div>\n<div data-offset-key=\"17cgi-0-0\">&nbsp;<\/div>\n","protected":false},"excerpt":{"rendered":"<p>Este m\u00eas de novembro, nos dias 23 e 30, realizamos os acompanhamentos pelos primeiros 6 meses e 1 ano de colabora\u00e7\u00e3o para com a Via\u00e7\u00e3o Fortaleza. &nbsp; Agradecemos por termos em nosso quadro de colaboradores pessoas engajadas em fazer a diferen\u00e7a e em mostrar sempre o seu melhor profissional e pessoalmente. &nbsp; Via\u00e7\u00e3o Fortaleza H\u00e1&hellip; <br \/> <a class=\"read-more\" href=\"http:\/\/viacaofortaleza.com.br\/index.php\/2018\/11\/30\/acompanhamentos-6-meses-e-1-ano-novembro\/\">Leia mais<\/a><\/p>\n","protected":false},"author":1,"featured_media":2502,"comment_status":"open","ping_status":"open","sticky":false,"template":"","format":"standard","meta":{"_mi_skip_tracking":false,"_monsterinsights_sitenote_active":false,"_monsterinsights_sitenote_note":"","_monsterinsights_sitenote_category":0,"ngg_post_thumbnail":0},"categories":[13],"tags":[179],"_links":{"self":[{"href":"http:\/\/viacaofortaleza.com.br\/index.php\/wp-json\/wp\/v2\/posts\/2501"}],"collection":[{"href":"http:\/\/viacaofortaleza.com.br\/index.php\/wp-json\/wp\/v2\/posts"}],"about":[{"href":"http:\/\/viacaofortaleza.com.br\/index.php\/wp-json\/wp\/v2\/types\/post"}],"author":[{"embeddable":true,"href":"http:\/\/viacaofortaleza.com.br\/index.php\/wp-json\/wp\/v2\/users\/1"}],"replies":[{"embeddable":true,"href":"http:\/\/viacaofortaleza.com.br\/index.php\/wp-json\/wp\/v2\/comments?post=2501"}],"version-history":[{"count":1,"href":"http:\/\/viacaofortaleza.com.br\/index.php\/wp-json\/wp\/v2\/posts\/2501\/revisions"}],"predecessor-version":[{"id":2503,"href":"http:\/\/viacaofortaleza.com.br\/index.php\/wp-json\/wp\/v2\/posts\/2501\/revisions\/2503"}],"wp:featuredmedia":[{"embeddable":true,"href":"http:\/\/viacaofortaleza.com.br\/index.php\/wp-json\/wp\/v2\/media\/2502"}],"wp:attachment":[{"href":"http:\/\/viacaofortaleza.com.br\/index.php\/wp-json\/wp\/v2\/media?parent=2501"}],"wp:term":[{"taxonomy":"category","embeddable":true,"href":"http:\/\/viacaofortaleza.com.br\/index.php\/wp-json\/wp\/v2\/categories?post=2501"},{"taxonomy":"post_tag","embeddable":true,"href":"http:\/\/viacaofortaleza.com.br\/index.php\/wp-json\/wp\/v2\/tags?post=2501"}],"curies":[{"name":"wp","href":"https:\/\/api.w.org\/{rel}","templated":true}]}}