{"id":2510,"date":"2018-12-03T10:21:15","date_gmt":"2018-12-03T13:21:15","guid":{"rendered":"http:\/\/viacaofortaleza.com.br\/?p=2510"},"modified":"2018-12-03T10:21:15","modified_gmt":"2018-12-03T13:21:15","slug":"encontro-de-integracao-com-supervisores","status":"publish","type":"post","link":"http:\/\/viacaofortaleza.com.br\/index.php\/2018\/12\/03\/encontro-de-integracao-com-supervisores\/","title":{"rendered":"Encontro de Integra\u00e7\u00e3o com Supervisores"},"content":{"rendered":"<div class=\"\" style=\"font-family: Helvetica, Arial, sans-serif; color: #1d2129; font-size: 14px; white-space: pre-wrap; background-color: #ffffff;\" data-block=\"true\" data-editor=\"7hrbp\" data-offset-key=\"dcpak-0-0\">\n<div class=\"_1mf _1mj\" style=\"position: relative; direction: ltr; font-family: inherit;\" data-offset-key=\"dcpak-0-0\"><span style=\"font-family: inherit;\" data-offset-key=\"dcpak-0-0\">Tivemos o prazer de, mais uma vez, receber a visita da equipe de supervisores do Sindi\u00f4nibus e Etufor em um encontro de integra\u00e7\u00e3o e alinhamento de atividades com nossos colaboradores.<\/span><\/div>\n<\/div>\n<div class=\"\" style=\"font-family: Helvetica, Arial, sans-serif; color: #1d2129; font-size: 14px; white-space: pre-wrap; background-color: #ffffff;\" data-block=\"true\" data-editor=\"7hrbp\" data-offset-key=\"c098j-0-0\">\n<div class=\"_1mf _1mj\" style=\"position: relative; direction: ltr; font-family: inherit;\" data-offset-key=\"c098j-0-0\"><span style=\"font-family: inherit;\" data-offset-key=\"c098j-0-0\">&nbsp;<\/span><\/div>\n<\/div>\n<div class=\"\" style=\"font-family: Helvetica, Arial, sans-serif; color: #1d2129; font-size: 14px; white-space: pre-wrap; background-color: #ffffff;\" data-block=\"true\" data-editor=\"7hrbp\" data-offset-key=\"4folk-0-0\">\n<div class=\"_1mf _1mj\" style=\"position: relative; direction: ltr; font-family: inherit;\" data-offset-key=\"4folk-0-0\"><span style=\"font-family: inherit;\" data-offset-key=\"4folk-0-0\">Agradecemos, mais uma vez, a presen\u00e7a de todos neste dia e a disponibilidade de sempre. <\/span><\/div>\n<\/div>\n<div class=\"\" style=\"font-family: Helvetica, Arial, sans-serif; color: #1d2129; font-size: 14px; white-space: pre-wrap; background-color: #ffffff;\" data-block=\"true\" data-editor=\"7hrbp\" data-offset-key=\"5mhkr-0-0\">\n<div class=\"_1mf _1mj\" style=\"position: relative; direction: ltr; font-family: inherit;\" data-offset-key=\"5mhkr-0-0\"><span style=\"font-family: inherit;\" data-offset-key=\"5mhkr-0-0\">&nbsp;<\/span><\/div>\n<\/div>\n<div class=\"\" style=\"font-family: Helvetica, Arial, sans-serif; color: #1d2129; font-size: 14px; white-space: pre-wrap; background-color: #ffffff;\" data-block=\"true\" data-editor=\"7hrbp\" data-offset-key=\"7eh3l-0-0\">\n<div class=\"_1mf _1mj\" style=\"position: relative; direction: ltr; font-family: inherit;\" data-offset-key=\"7eh3l-0-0\"><span style=\"font-family: inherit;\" data-offset-key=\"7eh3l-0-0\">Via\u00e7\u00e3o Fortaleza <\/span><\/div>\n<\/div>\n<div class=\"\" style=\"font-family: Helvetica, Arial, sans-serif; color: #1d2129; font-size: 14px; white-space: pre-wrap; background-color: #ffffff;\" data-block=\"true\" data-editor=\"7hrbp\" data-offset-key=\"ep6fl-0-0\">&nbsp;<\/div>\n<div class=\"\" style=\"font-family: Helvetica, Arial, sans-serif; color: #1d2129; font-size: 14px; font-style: normal; font-variant-ligatures: normal; font-variant-caps: normal; font-weight: 400; letter-spacing: normal; orphans: 2; text-align: start; text-indent: 0px; text-transform: none; white-space: pre-wrap; widows: 2; word-spacing: 0px; -webkit-text-stroke-width: 0px; background-color: #ffffff; text-decoration-style: initial; text-decoration-color: initial;\" data-block=\"true\" data-editor=\"7hrbp\" data-offset-key=\"4gt92-0-0\">\n<div class=\"_1mf _1mj\" style=\"position: relative; white-space: pre-wrap; direction: ltr; text-align: left; font-family: inherit;\" data-offset-key=\"4gt92-0-0\"><span style=\"font-family: inherit;\" data-offset-key=\"4gt92-0-0\"><span style=\"font-family: inherit;\" data-text=\"true\">H\u00e1 66 anos, conduzindo e valorizando pessoas atrav\u00e9s do entendimento. <\/span><\/span><\/div>\n<\/div>\n","protected":false},"excerpt":{"rendered":"<p>Tivemos o prazer de, mais uma vez, receber a visita da equipe de supervisores do Sindi\u00f4nibus e Etufor em um encontro de integra\u00e7\u00e3o e alinhamento de atividades com nossos colaboradores. &nbsp; Agradecemos, mais uma vez, a presen\u00e7a de todos neste dia e a disponibilidade de sempre. &nbsp; Via\u00e7\u00e3o Fortaleza &nbsp; H\u00e1 66 anos, conduzindo e&hellip; <br \/> <a class=\"read-more\" href=\"http:\/\/viacaofortaleza.com.br\/index.php\/2018\/12\/03\/encontro-de-integracao-com-supervisores\/\">Leia mais<\/a><\/p>\n","protected":false},"author":1,"featured_media":2511,"comment_status":"open","ping_status":"open","sticky":false,"template":"","format":"standard","meta":{"_mi_skip_tracking":false,"_monsterinsights_sitenote_active":false,"_monsterinsights_sitenote_note":"","_monsterinsights_sitenote_category":0,"ngg_post_thumbnail":0},"categories":[1,136],"tags":[181],"_links":{"self":[{"href":"http:\/\/viacaofortaleza.com.br\/index.php\/wp-json\/wp\/v2\/posts\/2510"}],"collection":[{"href":"http:\/\/viacaofortaleza.com.br\/index.php\/wp-json\/wp\/v2\/posts"}],"about":[{"href":"http:\/\/viacaofortaleza.com.br\/index.php\/wp-json\/wp\/v2\/types\/post"}],"author":[{"embeddable":true,"href":"http:\/\/viacaofortaleza.com.br\/index.php\/wp-json\/wp\/v2\/users\/1"}],"replies":[{"embeddable":true,"href":"http:\/\/viacaofortaleza.com.br\/index.php\/wp-json\/wp\/v2\/comments?post=2510"}],"version-history":[{"count":1,"href":"http:\/\/viacaofortaleza.com.br\/index.php\/wp-json\/wp\/v2\/posts\/2510\/revisions"}],"predecessor-version":[{"id":2512,"href":"http:\/\/viacaofortaleza.com.br\/index.php\/wp-json\/wp\/v2\/posts\/2510\/revisions\/2512"}],"wp:featuredmedia":[{"embeddable":true,"href":"http:\/\/viacaofortaleza.com.br\/index.php\/wp-json\/wp\/v2\/media\/2511"}],"wp:attachment":[{"href":"http:\/\/viacaofortaleza.com.br\/index.php\/wp-json\/wp\/v2\/media?parent=2510"}],"wp:term":[{"taxonomy":"category","embeddable":true,"href":"http:\/\/viacaofortaleza.com.br\/index.php\/wp-json\/wp\/v2\/categories?post=2510"},{"taxonomy":"post_tag","embeddable":true,"href":"http:\/\/viacaofortaleza.com.br\/index.php\/wp-json\/wp\/v2\/tags?post=2510"}],"curies":[{"name":"wp","href":"https:\/\/api.w.org\/{rel}","templated":true}]}}