{"id":2672,"date":"2018-12-27T11:04:45","date_gmt":"2018-12-27T14:04:45","guid":{"rendered":"http:\/\/viacaofortaleza.com.br\/?p=2672"},"modified":"2018-12-27T11:04:45","modified_gmt":"2018-12-27T14:04:45","slug":"acompanhamento-de-1-ano-e-6-meses-dezembro","status":"publish","type":"post","link":"http:\/\/viacaofortaleza.com.br\/index.php\/2018\/12\/27\/acompanhamento-de-1-ano-e-6-meses-dezembro\/","title":{"rendered":"Acompanhamento de 1 ano e 6 meses &#8211; Dezembro"},"content":{"rendered":"<div class=\"\" data-block=\"true\" data-editor=\"cs9b6\" data-offset-key=\"8pd2d-0-0\">\n<div class=\"_1mf _1mj\" data-offset-key=\"8pd2d-0-0\"><span data-offset-key=\"8pd2d-0-0\">Neste m\u00eas de dezembro, no dia 21, realizamos o \u00faltimo acompanhamento pelos primeiros 6 meses de colabora\u00e7\u00e3o, empenho e dedica\u00e7\u00e3o para com a Via\u00e7\u00e3o Fortaleza, de 2018.<\/span><\/div>\n<\/div>\n<div class=\"\" data-block=\"true\" data-editor=\"cs9b6\" data-offset-key=\"7eu0s-0-0\">\n<div class=\"_1mf _1mj\" data-offset-key=\"7eu0s-0-0\"><span data-offset-key=\"7eu0s-0-0\">&nbsp;<\/span><\/div>\n<\/div>\n<div class=\"\" data-block=\"true\" data-editor=\"cs9b6\" data-offset-key=\"frb0h-0-0\">\n<div class=\"_1mf _1mj\" data-offset-key=\"frb0h-0-0\"><span data-offset-key=\"frb0h-0-0\">Agradecemos por termos em nosso quadro de colaboradores pessoas engajadas em fazer a diferen\u00e7a e em mostrar sempre o seu melhor profissional e pessoalmente.<\/span><\/div>\n<\/div>\n<div class=\"\" data-block=\"true\" data-editor=\"cs9b6\" data-offset-key=\"7l2t3-0-0\">\n<div class=\"_1mf _1mj\" data-offset-key=\"7l2t3-0-0\"><span data-offset-key=\"7l2t3-0-0\">&nbsp;<\/span><\/div>\n<\/div>\n<div class=\"\" data-block=\"true\" data-editor=\"cs9b6\" data-offset-key=\"e041q-0-0\">\n<div class=\"_1mf _1mj\" data-offset-key=\"e041q-0-0\"><span data-offset-key=\"e041q-0-0\">Via\u00e7\u00e3o Fortaleza<\/span><\/div>\n<\/div>\n<div class=\"\" data-block=\"true\" data-editor=\"cs9b6\" data-offset-key=\"8u6nh-0-0\">\n<div class=\"_1mf _1mj\" data-offset-key=\"8u6nh-0-0\"><span data-offset-key=\"8u6nh-0-0\">H\u00e1 66 anos, conduzindo e valorizando pessoas atrav\u00e9s do entendimento.<\/span><\/div>\n<\/div>\n","protected":false},"excerpt":{"rendered":"<p>Neste m\u00eas de dezembro, no dia 21, realizamos o \u00faltimo acompanhamento pelos primeiros 6 meses de colabora\u00e7\u00e3o, empenho e dedica\u00e7\u00e3o para com a Via\u00e7\u00e3o Fortaleza, de 2018. &nbsp; Agradecemos por termos em nosso quadro de colaboradores pessoas engajadas em fazer a diferen\u00e7a e em mostrar sempre o seu melhor profissional e pessoalmente. &nbsp; Via\u00e7\u00e3o Fortaleza&hellip; <br \/> <a class=\"read-more\" href=\"http:\/\/viacaofortaleza.com.br\/index.php\/2018\/12\/27\/acompanhamento-de-1-ano-e-6-meses-dezembro\/\">Leia mais<\/a><\/p>\n","protected":false},"author":1,"featured_media":2673,"comment_status":"open","ping_status":"open","sticky":false,"template":"","format":"standard","meta":{"_mi_skip_tracking":false,"_monsterinsights_sitenote_active":false,"_monsterinsights_sitenote_note":"","_monsterinsights_sitenote_category":0,"ngg_post_thumbnail":0},"categories":[13],"tags":[198],"_links":{"self":[{"href":"http:\/\/viacaofortaleza.com.br\/index.php\/wp-json\/wp\/v2\/posts\/2672"}],"collection":[{"href":"http:\/\/viacaofortaleza.com.br\/index.php\/wp-json\/wp\/v2\/posts"}],"about":[{"href":"http:\/\/viacaofortaleza.com.br\/index.php\/wp-json\/wp\/v2\/types\/post"}],"author":[{"embeddable":true,"href":"http:\/\/viacaofortaleza.com.br\/index.php\/wp-json\/wp\/v2\/users\/1"}],"replies":[{"embeddable":true,"href":"http:\/\/viacaofortaleza.com.br\/index.php\/wp-json\/wp\/v2\/comments?post=2672"}],"version-history":[{"count":1,"href":"http:\/\/viacaofortaleza.com.br\/index.php\/wp-json\/wp\/v2\/posts\/2672\/revisions"}],"predecessor-version":[{"id":2674,"href":"http:\/\/viacaofortaleza.com.br\/index.php\/wp-json\/wp\/v2\/posts\/2672\/revisions\/2674"}],"wp:featuredmedia":[{"embeddable":true,"href":"http:\/\/viacaofortaleza.com.br\/index.php\/wp-json\/wp\/v2\/media\/2673"}],"wp:attachment":[{"href":"http:\/\/viacaofortaleza.com.br\/index.php\/wp-json\/wp\/v2\/media?parent=2672"}],"wp:term":[{"taxonomy":"category","embeddable":true,"href":"http:\/\/viacaofortaleza.com.br\/index.php\/wp-json\/wp\/v2\/categories?post=2672"},{"taxonomy":"post_tag","embeddable":true,"href":"http:\/\/viacaofortaleza.com.br\/index.php\/wp-json\/wp\/v2\/tags?post=2672"}],"curies":[{"name":"wp","href":"https:\/\/api.w.org\/{rel}","templated":true}]}}