{"id":2752,"date":"2019-01-04T16:26:56","date_gmt":"2019-01-04T19:26:56","guid":{"rendered":"http:\/\/viacaofortaleza.com.br\/?p=2752"},"modified":"2019-01-04T16:26:56","modified_gmt":"2019-01-04T19:26:56","slug":"janeiro-branco","status":"publish","type":"post","link":"http:\/\/viacaofortaleza.com.br\/index.php\/2019\/01\/04\/janeiro-branco\/","title":{"rendered":"Janeiro Branco"},"content":{"rendered":"<div class=\"\" style=\"font-family: Helvetica, Arial, sans-serif; color: #1d2129; font-size: 14px; white-space: pre-wrap; background-color: #ffffff;\" data-block=\"true\" data-editor=\"cbcai\" data-offset-key=\"f0b03-0-0\">\n<div class=\"_1mf _1mj\" style=\"position: relative; direction: ltr; font-family: inherit;\" data-offset-key=\"f0b03-0-0\"><span style=\"font-family: inherit;\" data-offset-key=\"f0b03-0-0\">O Janeiro Branco j\u00e1 come\u00e7ou!<\/span><\/div>\n<\/div>\n<div class=\"\" style=\"font-family: Helvetica, Arial, sans-serif; color: #1d2129; font-size: 14px; white-space: pre-wrap; background-color: #ffffff;\" data-block=\"true\" data-editor=\"cbcai\" data-offset-key=\"fivev-0-0\">\n<div class=\"_1mf _1mj\" style=\"position: relative; direction: ltr; font-family: inherit;\" data-offset-key=\"fivev-0-0\"><span style=\"font-family: inherit;\" data-offset-key=\"fivev-0-0\">&nbsp;<\/span><\/div>\n<\/div>\n<div class=\"\" style=\"font-family: Helvetica, Arial, sans-serif; color: #1d2129; font-size: 14px; white-space: pre-wrap; background-color: #ffffff;\" data-block=\"true\" data-editor=\"cbcai\" data-offset-key=\"dm1do-0-0\">\n<div class=\"_1mf _1mj\" style=\"position: relative; direction: ltr; font-family: inherit;\" data-offset-key=\"dm1do-0-0\"><span style=\"font-family: inherit;\" data-offset-key=\"dm1do-0-0\">Vamos cuidar da sa\u00fade mental? Teremos uma palestra especial para nossos colaboradores no dia 18\/01, \u00e0s 12:30h. <\/span><\/div>\n<\/div>\n<div class=\"\" style=\"font-family: Helvetica, Arial, sans-serif; color: #1d2129; font-size: 14px; white-space: pre-wrap; background-color: #ffffff;\" data-block=\"true\" data-editor=\"cbcai\" data-offset-key=\"1jhtk-0-0\">\n<div class=\"_1mf _1mj\" style=\"position: relative; direction: ltr; font-family: inherit;\" data-offset-key=\"1jhtk-0-0\"><span style=\"font-family: inherit;\" data-offset-key=\"1jhtk-0-0\">Inscreva-se! Quem cuida da mente, cuida da vida.<\/span><\/div>\n<\/div>\n<div class=\"\" style=\"font-family: Helvetica, Arial, sans-serif; color: #1d2129; font-size: 14px; white-space: pre-wrap; background-color: #ffffff;\" data-block=\"true\" data-editor=\"cbcai\" data-offset-key=\"90t4s-0-0\">\n<div class=\"_1mf _1mj\" style=\"position: relative; direction: ltr; font-family: inherit;\" data-offset-key=\"90t4s-0-0\"><span style=\"font-family: inherit;\" data-offset-key=\"90t4s-0-0\">&nbsp;<\/span><\/div>\n<\/div>\n<div class=\"\" style=\"font-family: Helvetica, Arial, sans-serif; color: #1d2129; font-size: 14px; white-space: pre-wrap; background-color: #ffffff;\" data-block=\"true\" data-editor=\"cbcai\" data-offset-key=\"3trp0-0-0\">\n<div class=\"_1mf _1mj\" style=\"position: relative; direction: ltr; font-family: inherit;\" data-offset-key=\"3trp0-0-0\"><span class=\"_5zk7\" style=\"background-color: rgba(88, 144, 255, 0.15); border-bottom: 1px solid rgba(88, 144, 255, 0.3); font-family: inherit;\" spellcheck=\"false\" data-offset-key=\"3trp0-0-0\"><span style=\"font-family: inherit;\" data-offset-key=\"3trp0-0-0\"><span style=\"font-family: inherit;\" data-text=\"true\">#janeirobranco<\/span><\/span><\/span> <span class=\"_5zk7\" style=\"background-color: rgba(88, 144, 255, 0.15); border-bottom: 1px solid rgba(88, 144, 255, 0.3); font-family: inherit;\" spellcheck=\"false\" data-offset-key=\"3trp0-2-0\"><span style=\"font-family: inherit;\" data-offset-key=\"3trp0-2-0\"><span style=\"font-family: inherit;\" data-text=\"true\">#sa\u00fademental<\/span><\/span><\/span><\/div>\n<\/div>\n<div class=\"\" style=\"font-family: Helvetica, Arial, sans-serif; color: #1d2129; font-size: 14px; white-space: pre-wrap; background-color: #ffffff;\" data-block=\"true\" data-editor=\"cbcai\" data-offset-key=\"a5j21-0-0\">\n<div class=\"_1mf _1mj\" style=\"position: relative; direction: ltr; font-family: inherit;\" data-offset-key=\"a5j21-0-0\"><span style=\"font-family: inherit;\" data-offset-key=\"a5j21-0-0\">&nbsp;<\/span><\/div>\n<\/div>\n<div class=\"\" style=\"font-family: Helvetica, Arial, sans-serif; color: #1d2129; font-size: 14px; white-space: pre-wrap; background-color: #ffffff;\" data-block=\"true\" data-editor=\"cbcai\" data-offset-key=\"fipko-0-0\">\n<div class=\"_1mf _1mj\" style=\"position: relative; direction: ltr; font-family: inherit;\" data-offset-key=\"fipko-0-0\"><span style=\"font-family: inherit;\" data-offset-key=\"fipko-0-0\">Via\u00e7\u00e3o Fortaleza<\/span><\/div>\n<\/div>\n<div class=\"\" style=\"font-family: Helvetica, Arial, sans-serif; color: #1d2129; font-size: 14px; white-space: pre-wrap; background-color: #ffffff;\" data-block=\"true\" data-editor=\"cbcai\" data-offset-key=\"8tidl-0-0\">\n<div class=\"_1mf _1mj\" style=\"position: relative; direction: ltr; font-family: inherit;\" data-offset-key=\"8tidl-0-0\"><span style=\"font-family: inherit;\" data-offset-key=\"8tidl-0-0\">H\u00e1 66 anos, conduzindo e valorizando pessoas atrav\u00e9s do entendimento.<\/span><\/div>\n<\/div>\n","protected":false},"excerpt":{"rendered":"<p>O Janeiro Branco j\u00e1 come\u00e7ou! &nbsp; Vamos cuidar da sa\u00fade mental? Teremos uma palestra especial para nossos colaboradores no dia 18\/01, \u00e0s 12:30h. Inscreva-se! Quem cuida da mente, cuida da vida. &nbsp; #janeirobranco #sa\u00fademental &nbsp; Via\u00e7\u00e3o Fortaleza H\u00e1 66 anos, conduzindo e valorizando pessoas atrav\u00e9s do entendimento.<\/p>\n","protected":false},"author":1,"featured_media":2753,"comment_status":"open","ping_status":"open","sticky":false,"template":"","format":"standard","meta":{"_mi_skip_tracking":false,"_monsterinsights_sitenote_active":false,"_monsterinsights_sitenote_note":"","_monsterinsights_sitenote_category":0,"ngg_post_thumbnail":0},"categories":[12],"tags":[207],"_links":{"self":[{"href":"http:\/\/viacaofortaleza.com.br\/index.php\/wp-json\/wp\/v2\/posts\/2752"}],"collection":[{"href":"http:\/\/viacaofortaleza.com.br\/index.php\/wp-json\/wp\/v2\/posts"}],"about":[{"href":"http:\/\/viacaofortaleza.com.br\/index.php\/wp-json\/wp\/v2\/types\/post"}],"author":[{"embeddable":true,"href":"http:\/\/viacaofortaleza.com.br\/index.php\/wp-json\/wp\/v2\/users\/1"}],"replies":[{"embeddable":true,"href":"http:\/\/viacaofortaleza.com.br\/index.php\/wp-json\/wp\/v2\/comments?post=2752"}],"version-history":[{"count":1,"href":"http:\/\/viacaofortaleza.com.br\/index.php\/wp-json\/wp\/v2\/posts\/2752\/revisions"}],"predecessor-version":[{"id":2754,"href":"http:\/\/viacaofortaleza.com.br\/index.php\/wp-json\/wp\/v2\/posts\/2752\/revisions\/2754"}],"wp:featuredmedia":[{"embeddable":true,"href":"http:\/\/viacaofortaleza.com.br\/index.php\/wp-json\/wp\/v2\/media\/2753"}],"wp:attachment":[{"href":"http:\/\/viacaofortaleza.com.br\/index.php\/wp-json\/wp\/v2\/media?parent=2752"}],"wp:term":[{"taxonomy":"category","embeddable":true,"href":"http:\/\/viacaofortaleza.com.br\/index.php\/wp-json\/wp\/v2\/categories?post=2752"},{"taxonomy":"post_tag","embeddable":true,"href":"http:\/\/viacaofortaleza.com.br\/index.php\/wp-json\/wp\/v2\/tags?post=2752"}],"curies":[{"name":"wp","href":"https:\/\/api.w.org\/{rel}","templated":true}]}}