{"id":2755,"date":"2019-01-08T10:00:20","date_gmt":"2019-01-08T13:00:20","guid":{"rendered":"http:\/\/viacaofortaleza.com.br\/?p=2755"},"modified":"2019-01-04T16:29:28","modified_gmt":"2019-01-04T19:29:28","slug":"janeiro-branco-2","status":"publish","type":"post","link":"http:\/\/viacaofortaleza.com.br\/index.php\/2019\/01\/08\/janeiro-branco-2\/","title":{"rendered":"Janeiro Branco"},"content":{"rendered":"<p>Janeiro Branco<br \/>\nQuem cuida da mente, cuida da vida.<\/p>\n<p><a class=\"_58cn\" href=\"https:\/\/www.facebook.com\/hashtag\/janeirobranco?source=feed_text&amp;epa=HASHTAG&amp;__xts__%5B0%5D=68.ARATppT8WQZZO0txV5C3mH3G6RhxAvz2zJhzmWqmDv_ZcMbrrenCM7EtCG5Uo5-ehAMXb1GhMlzmW_ALGN-fQcvdezVRv8W1kSfBrukSoGjEmN3t3krll54POeu8Xqp94bteLi5wDWCHFulAJGU188EjnWdV3L7ARSDyMbrRq2rZLC6iAdHnbkIVAhe2dR0-46SkYAUsdo9l_A5oZZqcCEz2n5xpGjwo-1p7Zenv7GN4La9OOkEujkiKymi4bBsDYmAtHjoLRY6diuliMN7BRMe7vMazmV5jn9vBiWY4vosClluk7ApHBQvaaSmZ5IBiFt1b&amp;__tn__=%2ANK-R\" data-ft=\"{&quot;type&quot;:104,&quot;tn&quot;:&quot;*N&quot;}\"><span class=\"_5afx\"><span class=\"_58cl _5afz\" aria-label=\"hashtag\">#<\/span><span class=\"_58cm\">janeirobranco<\/span><\/span><\/a>&nbsp;<a class=\"_58cn\" href=\"https:\/\/www.facebook.com\/hashtag\/sa%C3%BAdemental?source=feed_text&amp;epa=HASHTAG&amp;__xts__%5B0%5D=68.ARATppT8WQZZO0txV5C3mH3G6RhxAvz2zJhzmWqmDv_ZcMbrrenCM7EtCG5Uo5-ehAMXb1GhMlzmW_ALGN-fQcvdezVRv8W1kSfBrukSoGjEmN3t3krll54POeu8Xqp94bteLi5wDWCHFulAJGU188EjnWdV3L7ARSDyMbrRq2rZLC6iAdHnbkIVAhe2dR0-46SkYAUsdo9l_A5oZZqcCEz2n5xpGjwo-1p7Zenv7GN4La9OOkEujkiKymi4bBsDYmAtHjoLRY6diuliMN7BRMe7vMazmV5jn9vBiWY4vosClluk7ApHBQvaaSmZ5IBiFt1b&amp;__tn__=%2ANK-R\" data-ft=\"{&quot;type&quot;:104,&quot;tn&quot;:&quot;*N&quot;}\"><span class=\"_5afx\"><span class=\"_58cl _5afz\" aria-label=\"hashtag\">#<\/span><span class=\"_58cm\">sa\u00fademental<\/span><\/span><\/a><\/p>\n<p>Via\u00e7\u00e3o Fortaleza<br \/>\nH\u00e1 66 anos, conduzindo e valorizando pessoas atrav\u00e9s do entendimento.<\/p>\n","protected":false},"excerpt":{"rendered":"<p>Janeiro Branco Quem cuida da mente, cuida da vida. #janeirobranco&nbsp;#sa\u00fademental Via\u00e7\u00e3o Fortaleza H\u00e1 66 anos, conduzindo e valorizando pessoas atrav\u00e9s do entendimento.<\/p>\n","protected":false},"author":1,"featured_media":2757,"comment_status":"open","ping_status":"open","sticky":false,"template":"","format":"standard","meta":{"_mi_skip_tracking":false,"_monsterinsights_sitenote_active":false,"_monsterinsights_sitenote_note":"","_monsterinsights_sitenote_category":0,"ngg_post_thumbnail":0},"categories":[12],"tags":[207],"_links":{"self":[{"href":"http:\/\/viacaofortaleza.com.br\/index.php\/wp-json\/wp\/v2\/posts\/2755"}],"collection":[{"href":"http:\/\/viacaofortaleza.com.br\/index.php\/wp-json\/wp\/v2\/posts"}],"about":[{"href":"http:\/\/viacaofortaleza.com.br\/index.php\/wp-json\/wp\/v2\/types\/post"}],"author":[{"embeddable":true,"href":"http:\/\/viacaofortaleza.com.br\/index.php\/wp-json\/wp\/v2\/users\/1"}],"replies":[{"embeddable":true,"href":"http:\/\/viacaofortaleza.com.br\/index.php\/wp-json\/wp\/v2\/comments?post=2755"}],"version-history":[{"count":1,"href":"http:\/\/viacaofortaleza.com.br\/index.php\/wp-json\/wp\/v2\/posts\/2755\/revisions"}],"predecessor-version":[{"id":2758,"href":"http:\/\/viacaofortaleza.com.br\/index.php\/wp-json\/wp\/v2\/posts\/2755\/revisions\/2758"}],"wp:featuredmedia":[{"embeddable":true,"href":"http:\/\/viacaofortaleza.com.br\/index.php\/wp-json\/wp\/v2\/media\/2757"}],"wp:attachment":[{"href":"http:\/\/viacaofortaleza.com.br\/index.php\/wp-json\/wp\/v2\/media?parent=2755"}],"wp:term":[{"taxonomy":"category","embeddable":true,"href":"http:\/\/viacaofortaleza.com.br\/index.php\/wp-json\/wp\/v2\/categories?post=2755"},{"taxonomy":"post_tag","embeddable":true,"href":"http:\/\/viacaofortaleza.com.br\/index.php\/wp-json\/wp\/v2\/tags?post=2755"}],"curies":[{"name":"wp","href":"https:\/\/api.w.org\/{rel}","templated":true}]}}