{"id":2762,"date":"2019-01-21T10:00:31","date_gmt":"2019-01-21T13:00:31","guid":{"rendered":"http:\/\/viacaofortaleza.com.br\/?p=2762"},"modified":"2019-01-04T16:33:28","modified_gmt":"2019-01-04T19:33:28","slug":"janeiro-branco-4","status":"publish","type":"post","link":"http:\/\/viacaofortaleza.com.br\/index.php\/2019\/01\/21\/janeiro-branco-4\/","title":{"rendered":"Janeiro Branco"},"content":{"rendered":"<p>Janeiro Branco<br \/>\nQuem cuida da mente, cuida da vida.<\/p>\n<p>#janeirobranco&nbsp;#sa\u00fademental<\/p>\n<p>Via\u00e7\u00e3o Fortaleza<br \/>\nH\u00e1 66 anos, conduzindo e valorizando pessoas atrav\u00e9s do entendimento.<\/p>\n","protected":false},"excerpt":{"rendered":"<p>Janeiro Branco Quem cuida da mente, cuida da vida. #janeirobranco&nbsp;#sa\u00fademental Via\u00e7\u00e3o Fortaleza H\u00e1 66 anos, conduzindo e valorizando pessoas atrav\u00e9s do entendimento.<\/p>\n","protected":false},"author":1,"featured_media":2763,"comment_status":"open","ping_status":"open","sticky":false,"template":"","format":"standard","meta":{"_mi_skip_tracking":false,"_monsterinsights_sitenote_active":false,"_monsterinsights_sitenote_note":"","_monsterinsights_sitenote_category":0,"ngg_post_thumbnail":0},"categories":[12],"tags":[207],"_links":{"self":[{"href":"http:\/\/viacaofortaleza.com.br\/index.php\/wp-json\/wp\/v2\/posts\/2762"}],"collection":[{"href":"http:\/\/viacaofortaleza.com.br\/index.php\/wp-json\/wp\/v2\/posts"}],"about":[{"href":"http:\/\/viacaofortaleza.com.br\/index.php\/wp-json\/wp\/v2\/types\/post"}],"author":[{"embeddable":true,"href":"http:\/\/viacaofortaleza.com.br\/index.php\/wp-json\/wp\/v2\/users\/1"}],"replies":[{"embeddable":true,"href":"http:\/\/viacaofortaleza.com.br\/index.php\/wp-json\/wp\/v2\/comments?post=2762"}],"version-history":[{"count":1,"href":"http:\/\/viacaofortaleza.com.br\/index.php\/wp-json\/wp\/v2\/posts\/2762\/revisions"}],"predecessor-version":[{"id":2764,"href":"http:\/\/viacaofortaleza.com.br\/index.php\/wp-json\/wp\/v2\/posts\/2762\/revisions\/2764"}],"wp:featuredmedia":[{"embeddable":true,"href":"http:\/\/viacaofortaleza.com.br\/index.php\/wp-json\/wp\/v2\/media\/2763"}],"wp:attachment":[{"href":"http:\/\/viacaofortaleza.com.br\/index.php\/wp-json\/wp\/v2\/media?parent=2762"}],"wp:term":[{"taxonomy":"category","embeddable":true,"href":"http:\/\/viacaofortaleza.com.br\/index.php\/wp-json\/wp\/v2\/categories?post=2762"},{"taxonomy":"post_tag","embeddable":true,"href":"http:\/\/viacaofortaleza.com.br\/index.php\/wp-json\/wp\/v2\/tags?post=2762"}],"curies":[{"name":"wp","href":"https:\/\/api.w.org\/{rel}","templated":true}]}}