{"id":2835,"date":"2019-01-18T17:01:16","date_gmt":"2019-01-18T20:01:16","guid":{"rendered":"http:\/\/viacaofortaleza.com.br\/?p=2835"},"modified":"2019-01-18T17:01:16","modified_gmt":"2019-01-18T20:01:16","slug":"janeiro-branco-palestra-janeiro-branco-cuidar-das-conexoes-tambem-e-saude-mental","status":"publish","type":"post","link":"http:\/\/viacaofortaleza.com.br\/index.php\/2019\/01\/18\/janeiro-branco-palestra-janeiro-branco-cuidar-das-conexoes-tambem-e-saude-mental\/","title":{"rendered":"Janeiro Branco &#8211; Palestra &#8211; Janeiro Branco: cuidar das conex\u00f5es tamb\u00e9m \u00e9 sa\u00fade mental"},"content":{"rendered":"<p class=\"MsoNormal\">Este m\u00eas de Janeiro \u00e9 dedicado aos cuidados e preven\u00e7\u00e3o com a sa\u00fade mental, e hoje, tivemos o prazer de receber a psic\u00f3loga Fl\u00e1via Vieira para um momento de conscientiza\u00e7\u00e3o para a import\u00e2ncia da sa\u00fade mental de cada um.<\/p>\n<p class=\"MsoNormal\">&nbsp;<\/p>\n<p class=\"MsoNormal\">Com a palestra &#8216;Janeiro Branco: cuidar das conex\u00f5es tamb\u00e9m \u00e9 sa\u00fade mental&#8217;, trabalhamos o tema empatia, uma a\u00e7\u00e3o de cidadania e acima de tudo uma a\u00e7\u00e3o de humanidade, que ensina o cuidado com o outro, saber tratar e se colocar no lugar do outro.<\/p>\n<p class=\"MsoNormal\">&nbsp;<\/p>\n<p class=\"MsoNormal\">Agradecemos pelo in\u00edcio dessa parceria e contamos com mais momentos assim em futuros projetos.<\/p>\n<p class=\"MsoNormal\">&nbsp;<\/p>\n<p class=\"MsoNormal\">Lembrem-se: O que voc\u00ea n\u00e3o resolve em sua mente, o corpo transforma em doen\u00e7a, cuide-se!<\/p>\n<p class=\"MsoNormal\">&nbsp;<\/p>\n<p class=\"MsoNormal\">Via\u00e7\u00e3o Fortaleza<\/p>\n<p class=\"MsoNormal\">H\u00e1 66 anos, conduzindo e valorizando pessoas atrav\u00e9s do entendimento.<\/p>\n<p><a href=\"http:\/\/viacaofortaleza.com.br\/wp-content\/uploads\/2019\/01\/IMG_4795.jpg\"><img loading=\"lazy\" class=\"alignleft size-medium wp-image-2837\" src=\"http:\/\/viacaofortaleza.com.br\/wp-content\/uploads\/2019\/01\/IMG_4795-300x200.jpg\" alt=\"\" width=\"300\" height=\"200\" srcset=\"http:\/\/viacaofortaleza.com.br\/wp-content\/uploads\/2019\/01\/IMG_4795-300x200.jpg 300w, http:\/\/viacaofortaleza.com.br\/wp-content\/uploads\/2019\/01\/IMG_4795-768x512.jpg 768w, http:\/\/viacaofortaleza.com.br\/wp-content\/uploads\/2019\/01\/IMG_4795-1024x683.jpg 1024w, http:\/\/viacaofortaleza.com.br\/wp-content\/uploads\/2019\/01\/IMG_4795-1620x1080.jpg 1620w\" sizes=\"(max-width: 300px) 100vw, 300px\" \/><\/a> <a href=\"http:\/\/viacaofortaleza.com.br\/wp-content\/uploads\/2019\/01\/IMG_4797.jpg\"><img loading=\"lazy\" class=\"alignleft size-medium wp-image-2838\" src=\"http:\/\/viacaofortaleza.com.br\/wp-content\/uploads\/2019\/01\/IMG_4797-300x200.jpg\" alt=\"\" width=\"300\" height=\"200\" srcset=\"http:\/\/viacaofortaleza.com.br\/wp-content\/uploads\/2019\/01\/IMG_4797-300x200.jpg 300w, http:\/\/viacaofortaleza.com.br\/wp-content\/uploads\/2019\/01\/IMG_4797-768x512.jpg 768w, http:\/\/viacaofortaleza.com.br\/wp-content\/uploads\/2019\/01\/IMG_4797-1024x683.jpg 1024w, http:\/\/viacaofortaleza.com.br\/wp-content\/uploads\/2019\/01\/IMG_4797-1620x1080.jpg 1620w\" sizes=\"(max-width: 300px) 100vw, 300px\" \/><\/a> <a href=\"http:\/\/viacaofortaleza.com.br\/wp-content\/uploads\/2019\/01\/IMG_4808.jpg\"><img loading=\"lazy\" class=\"alignleft size-medium wp-image-2839\" src=\"http:\/\/viacaofortaleza.com.br\/wp-content\/uploads\/2019\/01\/IMG_4808-300x200.jpg\" alt=\"\" width=\"300\" height=\"200\" srcset=\"http:\/\/viacaofortaleza.com.br\/wp-content\/uploads\/2019\/01\/IMG_4808-300x200.jpg 300w, http:\/\/viacaofortaleza.com.br\/wp-content\/uploads\/2019\/01\/IMG_4808-768x512.jpg 768w, http:\/\/viacaofortaleza.com.br\/wp-content\/uploads\/2019\/01\/IMG_4808-1024x683.jpg 1024w, http:\/\/viacaofortaleza.com.br\/wp-content\/uploads\/2019\/01\/IMG_4808-1620x1080.jpg 1620w\" sizes=\"(max-width: 300px) 100vw, 300px\" \/><\/a> <a href=\"http:\/\/viacaofortaleza.com.br\/wp-content\/uploads\/2019\/01\/IMG_4812.jpg\"><img loading=\"lazy\" class=\"alignleft size-medium wp-image-2840\" src=\"http:\/\/viacaofortaleza.com.br\/wp-content\/uploads\/2019\/01\/IMG_4812-300x200.jpg\" alt=\"\" width=\"300\" height=\"200\" srcset=\"http:\/\/viacaofortaleza.com.br\/wp-content\/uploads\/2019\/01\/IMG_4812-300x200.jpg 300w, http:\/\/viacaofortaleza.com.br\/wp-content\/uploads\/2019\/01\/IMG_4812-768x512.jpg 768w, http:\/\/viacaofortaleza.com.br\/wp-content\/uploads\/2019\/01\/IMG_4812-1024x683.jpg 1024w, http:\/\/viacaofortaleza.com.br\/wp-content\/uploads\/2019\/01\/IMG_4812-1620x1080.jpg 1620w\" sizes=\"(max-width: 300px) 100vw, 300px\" \/><\/a> <a href=\"http:\/\/viacaofortaleza.com.br\/wp-content\/uploads\/2019\/01\/IMG_4821.jpg\"><img loading=\"lazy\" class=\"alignleft size-medium wp-image-2841\" src=\"http:\/\/viacaofortaleza.com.br\/wp-content\/uploads\/2019\/01\/IMG_4821-300x200.jpg\" alt=\"\" width=\"300\" height=\"200\" srcset=\"http:\/\/viacaofortaleza.com.br\/wp-content\/uploads\/2019\/01\/IMG_4821-300x200.jpg 300w, http:\/\/viacaofortaleza.com.br\/wp-content\/uploads\/2019\/01\/IMG_4821-768x512.jpg 768w, http:\/\/viacaofortaleza.com.br\/wp-content\/uploads\/2019\/01\/IMG_4821-1024x683.jpg 1024w, http:\/\/viacaofortaleza.com.br\/wp-content\/uploads\/2019\/01\/IMG_4821-1620x1080.jpg 1620w\" sizes=\"(max-width: 300px) 100vw, 300px\" \/><\/a> <a href=\"http:\/\/viacaofortaleza.com.br\/wp-content\/uploads\/2019\/01\/IMG_4834.jpg\"><img loading=\"lazy\" class=\"alignleft size-medium wp-image-2842\" src=\"http:\/\/viacaofortaleza.com.br\/wp-content\/uploads\/2019\/01\/IMG_4834-300x200.jpg\" alt=\"\" width=\"300\" height=\"200\" srcset=\"http:\/\/viacaofortaleza.com.br\/wp-content\/uploads\/2019\/01\/IMG_4834-300x200.jpg 300w, http:\/\/viacaofortaleza.com.br\/wp-content\/uploads\/2019\/01\/IMG_4834-768x512.jpg 768w, http:\/\/viacaofortaleza.com.br\/wp-content\/uploads\/2019\/01\/IMG_4834-1024x683.jpg 1024w, http:\/\/viacaofortaleza.com.br\/wp-content\/uploads\/2019\/01\/IMG_4834-1620x1080.jpg 1620w\" sizes=\"(max-width: 300px) 100vw, 300px\" \/><\/a> <a href=\"http:\/\/viacaofortaleza.com.br\/wp-content\/uploads\/2019\/01\/IMG_4837.jpg\"><img loading=\"lazy\" class=\"alignleft size-medium wp-image-2843\" src=\"http:\/\/viacaofortaleza.com.br\/wp-content\/uploads\/2019\/01\/IMG_4837-300x200.jpg\" alt=\"\" width=\"300\" height=\"200\" srcset=\"http:\/\/viacaofortaleza.com.br\/wp-content\/uploads\/2019\/01\/IMG_4837-300x200.jpg 300w, http:\/\/viacaofortaleza.com.br\/wp-content\/uploads\/2019\/01\/IMG_4837-768x512.jpg 768w, http:\/\/viacaofortaleza.com.br\/wp-content\/uploads\/2019\/01\/IMG_4837-1024x683.jpg 1024w, http:\/\/viacaofortaleza.com.br\/wp-content\/uploads\/2019\/01\/IMG_4837-1620x1080.jpg 1620w\" sizes=\"(max-width: 300px) 100vw, 300px\" \/><\/a> <a href=\"http:\/\/viacaofortaleza.com.br\/wp-content\/uploads\/2019\/01\/IMG_4852.jpg\"><img loading=\"lazy\" class=\"alignleft size-medium wp-image-2844\" src=\"http:\/\/viacaofortaleza.com.br\/wp-content\/uploads\/2019\/01\/IMG_4852-300x200.jpg\" alt=\"\" width=\"300\" height=\"200\" srcset=\"http:\/\/viacaofortaleza.com.br\/wp-content\/uploads\/2019\/01\/IMG_4852-300x200.jpg 300w, http:\/\/viacaofortaleza.com.br\/wp-content\/uploads\/2019\/01\/IMG_4852-768x512.jpg 768w, http:\/\/viacaofortaleza.com.br\/wp-content\/uploads\/2019\/01\/IMG_4852-1024x683.jpg 1024w, http:\/\/viacaofortaleza.com.br\/wp-content\/uploads\/2019\/01\/IMG_4852-1620x1080.jpg 1620w\" sizes=\"(max-width: 300px) 100vw, 300px\" \/><\/a><\/p>\n","protected":false},"excerpt":{"rendered":"<p>Este m\u00eas de Janeiro \u00e9 dedicado aos cuidados e preven\u00e7\u00e3o com a sa\u00fade mental, e hoje, tivemos o prazer de receber a psic\u00f3loga Fl\u00e1via Vieira para um momento de conscientiza\u00e7\u00e3o para a import\u00e2ncia da sa\u00fade mental de cada um. &nbsp; Com a palestra &#8216;Janeiro Branco: cuidar das conex\u00f5es tamb\u00e9m \u00e9 sa\u00fade mental&#8217;, trabalhamos o tema&hellip; <br \/> <a class=\"read-more\" href=\"http:\/\/viacaofortaleza.com.br\/index.php\/2019\/01\/18\/janeiro-branco-palestra-janeiro-branco-cuidar-das-conexoes-tambem-e-saude-mental\/\">Leia mais<\/a><\/p>\n","protected":false},"author":1,"featured_media":2836,"comment_status":"open","ping_status":"open","sticky":false,"template":"","format":"standard","meta":{"_mi_skip_tracking":false,"_monsterinsights_sitenote_active":false,"_monsterinsights_sitenote_note":"","_monsterinsights_sitenote_category":0,"ngg_post_thumbnail":0},"categories":[12,136],"tags":[207],"_links":{"self":[{"href":"http:\/\/viacaofortaleza.com.br\/index.php\/wp-json\/wp\/v2\/posts\/2835"}],"collection":[{"href":"http:\/\/viacaofortaleza.com.br\/index.php\/wp-json\/wp\/v2\/posts"}],"about":[{"href":"http:\/\/viacaofortaleza.com.br\/index.php\/wp-json\/wp\/v2\/types\/post"}],"author":[{"embeddable":true,"href":"http:\/\/viacaofortaleza.com.br\/index.php\/wp-json\/wp\/v2\/users\/1"}],"replies":[{"embeddable":true,"href":"http:\/\/viacaofortaleza.com.br\/index.php\/wp-json\/wp\/v2\/comments?post=2835"}],"version-history":[{"count":1,"href":"http:\/\/viacaofortaleza.com.br\/index.php\/wp-json\/wp\/v2\/posts\/2835\/revisions"}],"predecessor-version":[{"id":2845,"href":"http:\/\/viacaofortaleza.com.br\/index.php\/wp-json\/wp\/v2\/posts\/2835\/revisions\/2845"}],"wp:featuredmedia":[{"embeddable":true,"href":"http:\/\/viacaofortaleza.com.br\/index.php\/wp-json\/wp\/v2\/media\/2836"}],"wp:attachment":[{"href":"http:\/\/viacaofortaleza.com.br\/index.php\/wp-json\/wp\/v2\/media?parent=2835"}],"wp:term":[{"taxonomy":"category","embeddable":true,"href":"http:\/\/viacaofortaleza.com.br\/index.php\/wp-json\/wp\/v2\/categories?post=2835"},{"taxonomy":"post_tag","embeddable":true,"href":"http:\/\/viacaofortaleza.com.br\/index.php\/wp-json\/wp\/v2\/tags?post=2835"}],"curies":[{"name":"wp","href":"https:\/\/api.w.org\/{rel}","templated":true}]}}