{"id":2949,"date":"2019-02-07T14:01:57","date_gmt":"2019-02-07T17:01:57","guid":{"rendered":"http:\/\/viacaofortaleza.com.br\/?p=2949"},"modified":"2019-02-07T14:01:57","modified_gmt":"2019-02-07T17:01:57","slug":"programa-de-capacitacao-de-motoristas-combate-a-incendio","status":"publish","type":"post","link":"http:\/\/viacaofortaleza.com.br\/index.php\/2019\/02\/07\/programa-de-capacitacao-de-motoristas-combate-a-incendio\/","title":{"rendered":"Programa de Capacita\u00e7\u00e3o de Motoristas &#8211; Combate a Inc\u00eandio"},"content":{"rendered":"<p class=\"MsoNormal\"><span style=\"color: #1f497d;\">Realizamos hoje mais um Programa de Capacita\u00e7\u00e3o de Motoristas, fazendo a reciclagem do m\u00f3dulo Combate a Inc\u00eandio, com teoria e atividade pr\u00e1tica de combate ao fogo.<\/span><\/p>\n<p class=\"MsoNormal\"><span style=\"color: #1f497d;\">&nbsp;<\/span><\/p>\n<p class=\"MsoNormal\"><span style=\"color: #1f497d;\">Agradecemos a participa\u00e7\u00e3o de todos que vieram refor\u00e7ar seus conhecimentos neste dia.<\/span><\/p>\n<p class=\"MsoNormal\"><span style=\"color: #1f497d;\">&nbsp;<\/span><\/p>\n<p class=\"MsoNormal\"><span style=\"color: #1f497d;\">Via\u00e7\u00e3o Fortaleza<\/span><\/p>\n<p class=\"MsoNormal\"><span style=\"color: #1f497d;\">H\u00e1 66 anos, conduzindo e valorizando pessoas atrav\u00e9s do entendimento.<\/span><\/p>\n<p class=\"MsoNormal\"><span style=\"color: #1f497d;\">&nbsp;<\/span><\/p>\n<p><a href=\"http:\/\/viacaofortaleza.com.br\/wp-content\/uploads\/2019\/02\/01.jpeg\"><img loading=\"lazy\" class=\"alignleft size-medium wp-image-2951\" src=\"http:\/\/viacaofortaleza.com.br\/wp-content\/uploads\/2019\/02\/01-300x168.jpeg\" alt=\"\" width=\"300\" height=\"168\" srcset=\"http:\/\/viacaofortaleza.com.br\/wp-content\/uploads\/2019\/02\/01-300x168.jpeg 300w, http:\/\/viacaofortaleza.com.br\/wp-content\/uploads\/2019\/02\/01-768x431.jpeg 768w, http:\/\/viacaofortaleza.com.br\/wp-content\/uploads\/2019\/02\/01-1024x575.jpeg 1024w, http:\/\/viacaofortaleza.com.br\/wp-content\/uploads\/2019\/02\/01.jpeg 1181w\" sizes=\"(max-width: 300px) 100vw, 300px\" \/><\/a> <a href=\"http:\/\/viacaofortaleza.com.br\/wp-content\/uploads\/2019\/02\/02.jpeg\"><img loading=\"lazy\" class=\"alignleft size-medium wp-image-2952\" src=\"http:\/\/viacaofortaleza.com.br\/wp-content\/uploads\/2019\/02\/02-300x168.jpeg\" alt=\"\" width=\"300\" height=\"168\" srcset=\"http:\/\/viacaofortaleza.com.br\/wp-content\/uploads\/2019\/02\/02-300x168.jpeg 300w, http:\/\/viacaofortaleza.com.br\/wp-content\/uploads\/2019\/02\/02-768x431.jpeg 768w, http:\/\/viacaofortaleza.com.br\/wp-content\/uploads\/2019\/02\/02-1024x575.jpeg 1024w, http:\/\/viacaofortaleza.com.br\/wp-content\/uploads\/2019\/02\/02.jpeg 1040w\" sizes=\"(max-width: 300px) 100vw, 300px\" \/><\/a> <a href=\"http:\/\/viacaofortaleza.com.br\/wp-content\/uploads\/2019\/02\/04.jpeg\"><img loading=\"lazy\" class=\"alignleft size-medium wp-image-2953\" src=\"http:\/\/viacaofortaleza.com.br\/wp-content\/uploads\/2019\/02\/04-300x168.jpeg\" alt=\"\" width=\"300\" height=\"168\" srcset=\"http:\/\/viacaofortaleza.com.br\/wp-content\/uploads\/2019\/02\/04-300x168.jpeg 300w, http:\/\/viacaofortaleza.com.br\/wp-content\/uploads\/2019\/02\/04-768x431.jpeg 768w, http:\/\/viacaofortaleza.com.br\/wp-content\/uploads\/2019\/02\/04-1024x575.jpeg 1024w, http:\/\/viacaofortaleza.com.br\/wp-content\/uploads\/2019\/02\/04.jpeg 1040w\" sizes=\"(max-width: 300px) 100vw, 300px\" \/><\/a> <a href=\"http:\/\/viacaofortaleza.com.br\/wp-content\/uploads\/2019\/02\/IMG_4977.jpg\"><img loading=\"lazy\" class=\"alignleft size-medium wp-image-2954\" src=\"http:\/\/viacaofortaleza.com.br\/wp-content\/uploads\/2019\/02\/IMG_4977-300x168.jpg\" alt=\"\" width=\"300\" height=\"168\" srcset=\"http:\/\/viacaofortaleza.com.br\/wp-content\/uploads\/2019\/02\/IMG_4977-300x168.jpg 300w, http:\/\/viacaofortaleza.com.br\/wp-content\/uploads\/2019\/02\/IMG_4977-768x431.jpg 768w, http:\/\/viacaofortaleza.com.br\/wp-content\/uploads\/2019\/02\/IMG_4977-1024x575.jpg 1024w, http:\/\/viacaofortaleza.com.br\/wp-content\/uploads\/2019\/02\/IMG_4977.jpg 1040w\" sizes=\"(max-width: 300px) 100vw, 300px\" \/><\/a> <a href=\"http:\/\/viacaofortaleza.com.br\/wp-content\/uploads\/2019\/02\/IMG_4978.jpg\"><img loading=\"lazy\" class=\"alignleft size-medium wp-image-2955\" src=\"http:\/\/viacaofortaleza.com.br\/wp-content\/uploads\/2019\/02\/IMG_4978-300x168.jpg\" alt=\"\" width=\"300\" height=\"168\" srcset=\"http:\/\/viacaofortaleza.com.br\/wp-content\/uploads\/2019\/02\/IMG_4978-300x168.jpg 300w, http:\/\/viacaofortaleza.com.br\/wp-content\/uploads\/2019\/02\/IMG_4978-768x431.jpg 768w, http:\/\/viacaofortaleza.com.br\/wp-content\/uploads\/2019\/02\/IMG_4978-1024x575.jpg 1024w, http:\/\/viacaofortaleza.com.br\/wp-content\/uploads\/2019\/02\/IMG_4978.jpg 1040w\" sizes=\"(max-width: 300px) 100vw, 300px\" \/><\/a><\/p>\n","protected":false},"excerpt":{"rendered":"<p>Realizamos hoje mais um Programa de Capacita\u00e7\u00e3o de Motoristas, fazendo a reciclagem do m\u00f3dulo Combate a Inc\u00eandio, com teoria e atividade pr\u00e1tica de combate ao fogo. &nbsp; Agradecemos a participa\u00e7\u00e3o de todos que vieram refor\u00e7ar seus conhecimentos neste dia. &nbsp; Via\u00e7\u00e3o Fortaleza H\u00e1 66 anos, conduzindo e valorizando pessoas atrav\u00e9s do entendimento. &nbsp;<\/p>\n","protected":false},"author":1,"featured_media":2950,"comment_status":"open","ping_status":"open","sticky":false,"template":"","format":"standard","meta":{"_mi_skip_tracking":false,"_monsterinsights_sitenote_active":false,"_monsterinsights_sitenote_note":"","_monsterinsights_sitenote_category":0,"ngg_post_thumbnail":0},"categories":[136],"tags":[228],"_links":{"self":[{"href":"http:\/\/viacaofortaleza.com.br\/index.php\/wp-json\/wp\/v2\/posts\/2949"}],"collection":[{"href":"http:\/\/viacaofortaleza.com.br\/index.php\/wp-json\/wp\/v2\/posts"}],"about":[{"href":"http:\/\/viacaofortaleza.com.br\/index.php\/wp-json\/wp\/v2\/types\/post"}],"author":[{"embeddable":true,"href":"http:\/\/viacaofortaleza.com.br\/index.php\/wp-json\/wp\/v2\/users\/1"}],"replies":[{"embeddable":true,"href":"http:\/\/viacaofortaleza.com.br\/index.php\/wp-json\/wp\/v2\/comments?post=2949"}],"version-history":[{"count":1,"href":"http:\/\/viacaofortaleza.com.br\/index.php\/wp-json\/wp\/v2\/posts\/2949\/revisions"}],"predecessor-version":[{"id":2956,"href":"http:\/\/viacaofortaleza.com.br\/index.php\/wp-json\/wp\/v2\/posts\/2949\/revisions\/2956"}],"wp:featuredmedia":[{"embeddable":true,"href":"http:\/\/viacaofortaleza.com.br\/index.php\/wp-json\/wp\/v2\/media\/2950"}],"wp:attachment":[{"href":"http:\/\/viacaofortaleza.com.br\/index.php\/wp-json\/wp\/v2\/media?parent=2949"}],"wp:term":[{"taxonomy":"category","embeddable":true,"href":"http:\/\/viacaofortaleza.com.br\/index.php\/wp-json\/wp\/v2\/categories?post=2949"},{"taxonomy":"post_tag","embeddable":true,"href":"http:\/\/viacaofortaleza.com.br\/index.php\/wp-json\/wp\/v2\/tags?post=2949"}],"curies":[{"name":"wp","href":"https:\/\/api.w.org\/{rel}","templated":true}]}}