{"id":3080,"date":"2019-02-28T09:17:24","date_gmt":"2019-02-28T12:17:24","guid":{"rendered":"http:\/\/viacaofortaleza.com.br\/?p=3080"},"modified":"2019-02-28T09:17:24","modified_gmt":"2019-02-28T12:17:24","slug":"acompanhamentos-6-meses-e-1-ano-fevereiro","status":"publish","type":"post","link":"http:\/\/viacaofortaleza.com.br\/index.php\/2019\/02\/28\/acompanhamentos-6-meses-e-1-ano-fevereiro\/","title":{"rendered":"Acompanhamentos 6 meses e 1 ano &#8211; Fevereiro"},"content":{"rendered":"<div class=\"\" data-block=\"true\" data-editor=\"eo20\" data-offset-key=\"csuk2-0-0\">\n<div class=\"_1mf _1mj\" data-offset-key=\"csuk2-0-0\"><span class=\"_5zk7\" spellcheck=\"false\" data-offset-key=\"csuk2-0-0\"><span data-offset-key=\"csuk2-0-0\">#acompanhamentos<\/span><\/span><\/div>\n<\/div>\n<div class=\"\" data-block=\"true\" data-editor=\"eo20\" data-offset-key=\"8ftbt-0-0\">\n<div class=\"_1mf _1mj\" data-offset-key=\"8ftbt-0-0\"><span data-offset-key=\"8ftbt-0-0\">&nbsp;<\/span><\/div>\n<\/div>\n<div class=\"\" data-block=\"true\" data-editor=\"eo20\" data-offset-key=\"8ssd0-0-0\">\n<div class=\"_1mf _1mj\" data-offset-key=\"8ssd0-0-0\"><span data-offset-key=\"8ssd0-0-0\">Neste m\u00eas de fevereiro, nos dias 15 e 22, realizamos os acompanhamentos por tempo de empresa, pelos primeiros 6 meses e 1 ano de dedica\u00e7\u00e3o \u00e0 Via\u00e7\u00e3o Fortaleza.<\/span><\/div>\n<\/div>\n<div class=\"\" data-block=\"true\" data-editor=\"eo20\" data-offset-key=\"7951u-0-0\">\n<div class=\"_1mf _1mj\" data-offset-key=\"7951u-0-0\"><span data-offset-key=\"7951u-0-0\">&nbsp;<\/span><\/div>\n<\/div>\n<div class=\"\" data-block=\"true\" data-editor=\"eo20\" data-offset-key=\"9f88a-0-0\">\n<div class=\"_1mf _1mj\" data-offset-key=\"9f88a-0-0\"><span data-offset-key=\"9f88a-0-0\">Gratid\u00e3o por termos, em nosso quadro de colaboradores, pessoas engajadas em fazer a diferen\u00e7a!<\/span><\/div>\n<\/div>\n<div class=\"\" data-block=\"true\" data-editor=\"eo20\" data-offset-key=\"b95gk-0-0\">\n<div class=\"_1mf _1mj\" data-offset-key=\"b95gk-0-0\"><span data-offset-key=\"b95gk-0-0\">&nbsp;<\/span><\/div>\n<\/div>\n<div class=\"\" data-block=\"true\" data-editor=\"eo20\" data-offset-key=\"fp2kt-0-0\">\n<div class=\"_1mf _1mj\" data-offset-key=\"fp2kt-0-0\"><span data-offset-key=\"fp2kt-0-0\">Via\u00e7\u00e3o Fortaleza<\/span><\/div>\n<\/div>\n<div class=\"\" data-block=\"true\" data-editor=\"eo20\" data-offset-key=\"c2cpl-0-0\">\n<div class=\"_1mf _1mj\" data-offset-key=\"c2cpl-0-0\"><span data-offset-key=\"c2cpl-0-0\">H\u00e1 66 anos, conduzindo e valorizando pessoas atrav\u00e9s do entendimento.<\/span><\/div>\n<div data-offset-key=\"c2cpl-0-0\"><a href=\"http:\/\/viacaofortaleza.com.br\/wp-content\/uploads\/2019\/02\/IMG_5230.jpg\"><img loading=\"lazy\" class=\"alignleft  wp-image-3081\" src=\"http:\/\/viacaofortaleza.com.br\/wp-content\/uploads\/2019\/02\/IMG_5230-300x200.jpg\" alt=\"\" width=\"338\" height=\"225\" srcset=\"http:\/\/viacaofortaleza.com.br\/wp-content\/uploads\/2019\/02\/IMG_5230-300x200.jpg 300w, http:\/\/viacaofortaleza.com.br\/wp-content\/uploads\/2019\/02\/IMG_5230-768x512.jpg 768w, http:\/\/viacaofortaleza.com.br\/wp-content\/uploads\/2019\/02\/IMG_5230-1024x683.jpg 1024w, http:\/\/viacaofortaleza.com.br\/wp-content\/uploads\/2019\/02\/IMG_5230-1620x1080.jpg 1620w\" sizes=\"(max-width: 338px) 100vw, 338px\" \/><\/a> <a href=\"http:\/\/viacaofortaleza.com.br\/wp-content\/uploads\/2019\/02\/IMG_5261.jpg\"><img loading=\"lazy\" class=\"alignleft  wp-image-3082\" src=\"http:\/\/viacaofortaleza.com.br\/wp-content\/uploads\/2019\/02\/IMG_5261-300x200.jpg\" alt=\"\" width=\"338\" height=\"225\" srcset=\"http:\/\/viacaofortaleza.com.br\/wp-content\/uploads\/2019\/02\/IMG_5261-300x200.jpg 300w, http:\/\/viacaofortaleza.com.br\/wp-content\/uploads\/2019\/02\/IMG_5261-768x512.jpg 768w, http:\/\/viacaofortaleza.com.br\/wp-content\/uploads\/2019\/02\/IMG_5261-1024x683.jpg 1024w, http:\/\/viacaofortaleza.com.br\/wp-content\/uploads\/2019\/02\/IMG_5261-1620x1080.jpg 1620w\" sizes=\"(max-width: 338px) 100vw, 338px\" \/><\/a> <a href=\"http:\/\/viacaofortaleza.com.br\/wp-content\/uploads\/2019\/02\/IMG-20190225-WA0018.jpg\"><img loading=\"lazy\" class=\"alignleft size-medium wp-image-3084\" src=\"http:\/\/viacaofortaleza.com.br\/wp-content\/uploads\/2019\/02\/IMG-20190225-WA0018-300x225.jpg\" alt=\"\" width=\"300\" height=\"225\" srcset=\"http:\/\/viacaofortaleza.com.br\/wp-content\/uploads\/2019\/02\/IMG-20190225-WA0018-300x225.jpg 300w, http:\/\/viacaofortaleza.com.br\/wp-content\/uploads\/2019\/02\/IMG-20190225-WA0018-768x576.jpg 768w, http:\/\/viacaofortaleza.com.br\/wp-content\/uploads\/2019\/02\/IMG-20190225-WA0018-1024x768.jpg 1024w, http:\/\/viacaofortaleza.com.br\/wp-content\/uploads\/2019\/02\/IMG-20190225-WA0018.jpg 1280w\" sizes=\"(max-width: 300px) 100vw, 300px\" \/><\/a><a href=\"http:\/\/viacaofortaleza.com.br\/wp-content\/uploads\/2019\/02\/IMG-20190222-WA0005.jpg\"><img loading=\"lazy\" class=\"alignleft size-medium wp-image-3083\" src=\"http:\/\/viacaofortaleza.com.br\/wp-content\/uploads\/2019\/02\/IMG-20190222-WA0005-300x225.jpg\" alt=\"\" width=\"300\" height=\"225\" srcset=\"http:\/\/viacaofortaleza.com.br\/wp-content\/uploads\/2019\/02\/IMG-20190222-WA0005-300x225.jpg 300w, http:\/\/viacaofortaleza.com.br\/wp-content\/uploads\/2019\/02\/IMG-20190222-WA0005-768x576.jpg 768w, http:\/\/viacaofortaleza.com.br\/wp-content\/uploads\/2019\/02\/IMG-20190222-WA0005-1024x768.jpg 1024w, http:\/\/viacaofortaleza.com.br\/wp-content\/uploads\/2019\/02\/IMG-20190222-WA0005.jpg 1280w\" sizes=\"(max-width: 300px) 100vw, 300px\" \/><\/a><\/div>\n<\/div>\n","protected":false},"excerpt":{"rendered":"<p>#acompanhamentos &nbsp; Neste m\u00eas de fevereiro, nos dias 15 e 22, realizamos os acompanhamentos por tempo de empresa, pelos primeiros 6 meses e 1 ano de dedica\u00e7\u00e3o \u00e0 Via\u00e7\u00e3o Fortaleza. &nbsp; Gratid\u00e3o por termos, em nosso quadro de colaboradores, pessoas engajadas em fazer a diferen\u00e7a! &nbsp; Via\u00e7\u00e3o Fortaleza H\u00e1 66 anos, conduzindo e valorizando pessoas&hellip; <br \/> <a class=\"read-more\" href=\"http:\/\/viacaofortaleza.com.br\/index.php\/2019\/02\/28\/acompanhamentos-6-meses-e-1-ano-fevereiro\/\">Leia mais<\/a><\/p>\n","protected":false},"author":1,"featured_media":3085,"comment_status":"open","ping_status":"open","sticky":false,"template":"","format":"standard","meta":{"_mi_skip_tracking":false,"_monsterinsights_sitenote_active":false,"_monsterinsights_sitenote_note":"","_monsterinsights_sitenote_category":0,"ngg_post_thumbnail":0},"categories":[13],"tags":[243],"_links":{"self":[{"href":"http:\/\/viacaofortaleza.com.br\/index.php\/wp-json\/wp\/v2\/posts\/3080"}],"collection":[{"href":"http:\/\/viacaofortaleza.com.br\/index.php\/wp-json\/wp\/v2\/posts"}],"about":[{"href":"http:\/\/viacaofortaleza.com.br\/index.php\/wp-json\/wp\/v2\/types\/post"}],"author":[{"embeddable":true,"href":"http:\/\/viacaofortaleza.com.br\/index.php\/wp-json\/wp\/v2\/users\/1"}],"replies":[{"embeddable":true,"href":"http:\/\/viacaofortaleza.com.br\/index.php\/wp-json\/wp\/v2\/comments?post=3080"}],"version-history":[{"count":1,"href":"http:\/\/viacaofortaleza.com.br\/index.php\/wp-json\/wp\/v2\/posts\/3080\/revisions"}],"predecessor-version":[{"id":3086,"href":"http:\/\/viacaofortaleza.com.br\/index.php\/wp-json\/wp\/v2\/posts\/3080\/revisions\/3086"}],"wp:featuredmedia":[{"embeddable":true,"href":"http:\/\/viacaofortaleza.com.br\/index.php\/wp-json\/wp\/v2\/media\/3085"}],"wp:attachment":[{"href":"http:\/\/viacaofortaleza.com.br\/index.php\/wp-json\/wp\/v2\/media?parent=3080"}],"wp:term":[{"taxonomy":"category","embeddable":true,"href":"http:\/\/viacaofortaleza.com.br\/index.php\/wp-json\/wp\/v2\/categories?post=3080"},{"taxonomy":"post_tag","embeddable":true,"href":"http:\/\/viacaofortaleza.com.br\/index.php\/wp-json\/wp\/v2\/tags?post=3080"}],"curies":[{"name":"wp","href":"https:\/\/api.w.org\/{rel}","templated":true}]}}