{"id":3201,"date":"2019-03-13T10:00:00","date_gmt":"2019-03-13T13:00:00","guid":{"rendered":"http:\/\/viacaofortaleza.com.br\/?p=3201"},"modified":"2019-03-14T13:26:25","modified_gmt":"2019-03-14T16:26:25","slug":"tarifa-social","status":"publish","type":"post","link":"http:\/\/viacaofortaleza.com.br\/index.php\/2019\/03\/13\/tarifa-social\/","title":{"rendered":"Tarifa Social"},"content":{"rendered":"<div class=\"\" data-block=\"true\" data-editor=\"fg9fs\" data-offset-key=\"fbvvu-0-0\">\n<div class=\"_1mf _1mj\" data-offset-key=\"fbvvu-0-0\"><span data-offset-key=\"fbvvu-0-0\">Voc\u00ea sabia??? De segunda a sexta, nos hor\u00e1rios das 9h \u00e0s 10h e 15h \u00e0s 16h, voc\u00ea tem desconto na sua passagem! Isso mesmo \u00e9 a Hora Social! Os valores nesses hor\u00e1rios s\u00e3o de R$ 3,40 (inteira) \/ R$ 1,50 (meia). V\u00e1lido somente para cr\u00e9dito eletr\u00f4nico.<\/span><\/div>\n<\/div>\n<div class=\"\" data-block=\"true\" data-editor=\"fg9fs\" data-offset-key=\"3bq88-0-0\">\n<div class=\"_1mf _1mj\" data-offset-key=\"3bq88-0-0\"><span data-offset-key=\"3bq88-0-0\">&nbsp;<\/span><\/div>\n<\/div>\n<div class=\"\" data-block=\"true\" data-editor=\"fg9fs\" data-offset-key=\"6rbat-0-0\">\n<div class=\"_1mf _1mj\" data-offset-key=\"6rbat-0-0\"><span data-offset-key=\"6rbat-0-0\">Quer economizar mais ainda? Nos dias da Tarifa Social (domingos, dia 13 de abril, 31 de dezembro e 1 de janeiro) os valores s\u00e3o de R$ 3,00 (inteira) \/ R$ 1,30 (meia). V\u00e1lido em dinheiro ou cr\u00e9dito eletr\u00f4nico.<\/span><\/div>\n<\/div>\n<div class=\"\" data-block=\"true\" data-editor=\"fg9fs\" data-offset-key=\"3opc-0-0\">\n<div class=\"_1mf _1mj\" data-offset-key=\"3opc-0-0\"><span data-offset-key=\"3opc-0-0\">&nbsp;<\/span><\/div>\n<\/div>\n<div class=\"\" data-block=\"true\" data-editor=\"fg9fs\" data-offset-key=\"63ddl-0-0\">\n<div class=\"_1mf _1mj\" data-offset-key=\"63ddl-0-0\"><span data-offset-key=\"63ddl-0-0\">Aproveite esses dias e hor\u00e1rios para conhecer mais a nossa cidade!<\/span><\/div>\n<\/div>\n<div class=\"\" data-block=\"true\" data-editor=\"fg9fs\" data-offset-key=\"47b0g-0-0\">\n<div class=\"_1mf _1mj\" data-offset-key=\"47b0g-0-0\"><span data-offset-key=\"47b0g-0-0\">&nbsp;<\/span><\/div>\n<\/div>\n<div class=\"\" data-block=\"true\" data-editor=\"fg9fs\" data-offset-key=\"9melu-0-0\">\n<div class=\"_1mf _1mj\" data-offset-key=\"9melu-0-0\"><span class=\"_5zk7\" spellcheck=\"false\" data-offset-key=\"9melu-0-0\"><span data-offset-key=\"9melu-0-0\">#Transporte<\/span><\/span> <span class=\"_5zk7\" spellcheck=\"false\" data-offset-key=\"9melu-2-0\"><span data-offset-key=\"9melu-2-0\">#SuaVidaemMovimento<\/span><\/span> <span class=\"_5zk7\" spellcheck=\"false\" data-offset-key=\"9melu-4-0\"><span data-offset-key=\"9melu-4-0\">#v\u00e1de\u00f4nibus<\/span><\/span><\/div>\n<\/div>\n","protected":false},"excerpt":{"rendered":"<p>Voc\u00ea sabia??? De segunda a sexta, nos hor\u00e1rios das 9h \u00e0s 10h e 15h \u00e0s 16h, voc\u00ea tem desconto na sua passagem! Isso mesmo \u00e9 a Hora Social! Os valores nesses hor\u00e1rios s\u00e3o de R$ 3,40 (inteira) \/ R$ 1,50 (meia). V\u00e1lido somente para cr\u00e9dito eletr\u00f4nico. &nbsp; Quer economizar mais ainda? Nos dias da Tarifa&hellip; <br \/> <a class=\"read-more\" href=\"http:\/\/viacaofortaleza.com.br\/index.php\/2019\/03\/13\/tarifa-social\/\">Leia mais<\/a><\/p>\n","protected":false},"author":1,"featured_media":3202,"comment_status":"open","ping_status":"open","sticky":false,"template":"","format":"standard","meta":{"_mi_skip_tracking":false,"_monsterinsights_sitenote_active":false,"_monsterinsights_sitenote_note":"","_monsterinsights_sitenote_category":0,"ngg_post_thumbnail":0},"categories":[1],"tags":[254],"_links":{"self":[{"href":"http:\/\/viacaofortaleza.com.br\/index.php\/wp-json\/wp\/v2\/posts\/3201"}],"collection":[{"href":"http:\/\/viacaofortaleza.com.br\/index.php\/wp-json\/wp\/v2\/posts"}],"about":[{"href":"http:\/\/viacaofortaleza.com.br\/index.php\/wp-json\/wp\/v2\/types\/post"}],"author":[{"embeddable":true,"href":"http:\/\/viacaofortaleza.com.br\/index.php\/wp-json\/wp\/v2\/users\/1"}],"replies":[{"embeddable":true,"href":"http:\/\/viacaofortaleza.com.br\/index.php\/wp-json\/wp\/v2\/comments?post=3201"}],"version-history":[{"count":4,"href":"http:\/\/viacaofortaleza.com.br\/index.php\/wp-json\/wp\/v2\/posts\/3201\/revisions"}],"predecessor-version":[{"id":3230,"href":"http:\/\/viacaofortaleza.com.br\/index.php\/wp-json\/wp\/v2\/posts\/3201\/revisions\/3230"}],"wp:featuredmedia":[{"embeddable":true,"href":"http:\/\/viacaofortaleza.com.br\/index.php\/wp-json\/wp\/v2\/media\/3202"}],"wp:attachment":[{"href":"http:\/\/viacaofortaleza.com.br\/index.php\/wp-json\/wp\/v2\/media?parent=3201"}],"wp:term":[{"taxonomy":"category","embeddable":true,"href":"http:\/\/viacaofortaleza.com.br\/index.php\/wp-json\/wp\/v2\/categories?post=3201"},{"taxonomy":"post_tag","embeddable":true,"href":"http:\/\/viacaofortaleza.com.br\/index.php\/wp-json\/wp\/v2\/tags?post=3201"}],"curies":[{"name":"wp","href":"https:\/\/api.w.org\/{rel}","templated":true}]}}