{"id":3226,"date":"2019-03-14T12:01:24","date_gmt":"2019-03-14T15:01:24","guid":{"rendered":"http:\/\/viacaofortaleza.com.br\/?p=3226"},"modified":"2019-03-14T12:01:24","modified_gmt":"2019-03-14T15:01:24","slug":"curso-carteira-padrao","status":"publish","type":"post","link":"http:\/\/viacaofortaleza.com.br\/index.php\/2019\/03\/14\/curso-carteira-padrao\/","title":{"rendered":"Curso Carteira Padr\u00e3o"},"content":{"rendered":"<p>SEST SENAT REALIZA CURSO NA VIA\u00c7\u00c3O FORTALEZA<\/p>\n<div>&nbsp;<\/div>\n<div>Vinte e sete colaboradores da Via\u00e7\u00e3o Fortaleza participaram de 07 a 11 de mar\u00e7o, na sede da empresa, do curso Carteira Padr\u00e3o, ministrado pelo Sest Senat Fortaleza.<\/div>\n<div>&nbsp;<\/div>\n<div>Para Ronnier Camilo Duarte, o curso foi excelente. \u201cObtive capacita\u00e7\u00e3o necess\u00e1ria para aperfei\u00e7oar meus conhecimentos te\u00f3ricos para o dia a dia e adquiri excel\u00eancia profissional, proporcionando crescimento e empregabilidade&#8221;, diz ele.<\/div>\n<div>&nbsp;<\/div>\n<div>#conhecimento #via\u00e7\u00e3ofortaleza #sestsenat<\/div>\n","protected":false},"excerpt":{"rendered":"<p>SEST SENAT REALIZA CURSO NA VIA\u00c7\u00c3O FORTALEZA &nbsp; Vinte e sete colaboradores da Via\u00e7\u00e3o Fortaleza participaram de 07 a 11 de mar\u00e7o, na sede da empresa, do curso Carteira Padr\u00e3o, ministrado pelo Sest Senat Fortaleza. &nbsp; Para Ronnier Camilo Duarte, o curso foi excelente. \u201cObtive capacita\u00e7\u00e3o necess\u00e1ria para aperfei\u00e7oar meus conhecimentos te\u00f3ricos para o dia&hellip; <br \/> <a class=\"read-more\" href=\"http:\/\/viacaofortaleza.com.br\/index.php\/2019\/03\/14\/curso-carteira-padrao\/\">Leia mais<\/a><\/p>\n","protected":false},"author":1,"featured_media":3227,"comment_status":"open","ping_status":"open","sticky":false,"template":"","format":"standard","meta":{"_mi_skip_tracking":false,"_monsterinsights_sitenote_active":false,"_monsterinsights_sitenote_note":"","_monsterinsights_sitenote_category":0,"ngg_post_thumbnail":0},"categories":[136],"tags":[256],"_links":{"self":[{"href":"http:\/\/viacaofortaleza.com.br\/index.php\/wp-json\/wp\/v2\/posts\/3226"}],"collection":[{"href":"http:\/\/viacaofortaleza.com.br\/index.php\/wp-json\/wp\/v2\/posts"}],"about":[{"href":"http:\/\/viacaofortaleza.com.br\/index.php\/wp-json\/wp\/v2\/types\/post"}],"author":[{"embeddable":true,"href":"http:\/\/viacaofortaleza.com.br\/index.php\/wp-json\/wp\/v2\/users\/1"}],"replies":[{"embeddable":true,"href":"http:\/\/viacaofortaleza.com.br\/index.php\/wp-json\/wp\/v2\/comments?post=3226"}],"version-history":[{"count":1,"href":"http:\/\/viacaofortaleza.com.br\/index.php\/wp-json\/wp\/v2\/posts\/3226\/revisions"}],"predecessor-version":[{"id":3228,"href":"http:\/\/viacaofortaleza.com.br\/index.php\/wp-json\/wp\/v2\/posts\/3226\/revisions\/3228"}],"wp:featuredmedia":[{"embeddable":true,"href":"http:\/\/viacaofortaleza.com.br\/index.php\/wp-json\/wp\/v2\/media\/3227"}],"wp:attachment":[{"href":"http:\/\/viacaofortaleza.com.br\/index.php\/wp-json\/wp\/v2\/media?parent=3226"}],"wp:term":[{"taxonomy":"category","embeddable":true,"href":"http:\/\/viacaofortaleza.com.br\/index.php\/wp-json\/wp\/v2\/categories?post=3226"},{"taxonomy":"post_tag","embeddable":true,"href":"http:\/\/viacaofortaleza.com.br\/index.php\/wp-json\/wp\/v2\/tags?post=3226"}],"curies":[{"name":"wp","href":"https:\/\/api.w.org\/{rel}","templated":true}]}}