{"id":3267,"date":"2019-03-21T11:06:08","date_gmt":"2019-03-21T14:06:08","guid":{"rendered":"http:\/\/viacaofortaleza.com.br\/?p=3267"},"modified":"2019-03-21T11:06:08","modified_gmt":"2019-03-21T14:06:08","slug":"atencao-cobradores","status":"publish","type":"post","link":"http:\/\/viacaofortaleza.com.br\/index.php\/2019\/03\/21\/atencao-cobradores\/","title":{"rendered":"ATEN\u00c7\u00c3O COBRADORES!"},"content":{"rendered":"<p>IMPORTANTE&nbsp;<span class=\"_5mfr\"><span class=\"_6qdm\">?<\/span><\/span>&nbsp;O projeto de qualifica\u00e7\u00e3o de cobradores teve suas inscri\u00e7\u00f5es prorrogadas at\u00e9 dia 18 de abril de 2019 at\u00e9 \u00e0s 17h (hor\u00e1rio de Bras\u00edlia).<\/p>\n<p>Ent\u00e3o quem ainda n\u00e3o tinha se inscrito, a hora \u00e9 agora!<\/p>\n<p>TODAS as informa\u00e7\u00f5es de que voc\u00ea precisa para participar est\u00e3o aqui&nbsp;<span class=\"_5mfr\"><span class=\"_6qdm\">?<\/span><\/span><a href=\"https:\/\/bit.ly\/sestsenat-edital-cobradores?fbclid=IwAR3QQOipZ2q7TtJg3sihfnyZgdTtiHdvh3o3Ns3o58A5ltS1Kr2ORHJsFMU\" target=\"_blank\" rel=\"noopener nofollow\" data-ft=\"{&quot;tn&quot;:&quot;-U&quot;}\" data-lynx-mode=\"async\" data-lynx-uri=\"https:\/\/l.facebook.com\/l.php?u=https%3A%2F%2Fbit.ly%2Fsestsenat-edital-cobradores%3Ffbclid%3DIwAR3QQOipZ2q7TtJg3sihfnyZgdTtiHdvh3o3Ns3o58A5ltS1Kr2ORHJsFMU&amp;h=AT0MAaJmAnF4GPLgCJUK-cyGtLbQbp0F25OKV6u9iUC-fc_QddKV48UNY4azGm7F3Aa22vkKvhu-CZfDoeIxMP2QrEwHzBqDd2XyUithE1Tp6Xav505pfRo0R0ev8eNksSetudBd8yVuYGUo_XjqxqMPIb0L98VyC4Z8jLpfTV1W-sQ5SZtxpWrNkDPejWGNfY8ehpPMkP2ddD_rrqj4GGWJ9u-K7t25W1ZN4oVrppognqZl3fm_HZ3z1_EcnA2BTMNQSc5Jz7WWa-yl7uaYwq0yzsvTEwb8rIogX051ZO_-NYu4LeKs0k5gPsns-t8OxS3vned_e6atdk4wlafqt3tTh7SqGml-OiWJcnRcMlACaS0iW5-q7aUt3rqfS7ZCC88TllUgXBGQI0kAZOTJS0qmWNVB6Zf9MUVefWSxwfOZJz01Gnzclo_EItffLspBaiiljjWmw5AYASI6opuQZ6e95jMk8r9KYJ36EjyuVW8VoWEn-2VD9ikhwdovwE8-57WvSZxJlQnxP7NxX2oxOVZqD7gLr9DF4-6vofnvlfr-MsivWGazrJQo4dvjY7sU81jVC_VZZPotDA0UeePckUGRTbM4d6olhixVHfiFYz1Xe1Sm5sHFfrhFaaOW7wTI3kWA\">http:\/\/bit.ly\/sestsenat-edital-cobradores<\/a><\/p>\n<div class=\"text_exposed_show\">\n<p>E, para se inscrever, basta clicar aqui&nbsp;<span class=\"_5mfr\"><span class=\"_6qdm\">?<\/span><\/span>&nbsp;<a href=\"https:\/\/l.facebook.com\/l.php?u=https%3A%2F%2Fbit.ly%2Fsestsenat-cobradores%3Ffbclid%3DIwAR0F5EUholQM1Rcdl5jIHHSMNsSIHZixEgpgbKzoh2AJ_x4ATWvRnKm4jag&amp;h=AT2TevIktFCVOkc2TeG6X3GKdDjdeJYv-5jO1erQGx1ifnqifo4QuLCNC_wSd-0_YcG5L49z3HN575O8OHg_btDuRvcPbfUBnyyTLFooI4-XZHQem6bFbiUqYW0AHeInv1860uWRV01T0gebW2kr8xBh6pJkXDG725Hct4Oj-cT7r9WmyGsWxy-7vwkSJT_DVMhV_XR2suvfKQ-l9z7YRr4Vy_gyLQXIoG3xjszCaGBqhMtsfYSIv0Yi9Nl8BY89QblVAF83WiglyIlb-XmiMZktrq-0_Esnp7PCq8r2BfofMrIMRVIp54TtC2pUNE68QkOdpGgyugG2BBd9fWcUEw-LvNfdSgVl40lOdDf-mbtAFoFpi8DnVWY2qSRqhWXF9Y9pHFDruOndmJo829SbtIXyRYRRByMVEiWlIvjGwnSYJHbOhRjpX3-njF-vnUhVy-luq_hStRlKOh3IWlX-qNayDRQVqMq0Ey9uIMaWUATwCpRVkwun-bnSplEu-NLM3AI23FKvZSmPWCqDdLn5XyfkQecSKxyEEkUaIYtplFhyHFtre6GYiiVtSCWGZsGRdX94-p_3T_0hrJ8lyjFaJSLgtG8TOZO_7kstjb0Ny1ZI-UqxYQo-nNqWaE_hq8vdsL2-\" target=\"_blank\" rel=\"noopener nofollow\" data-ft=\"{&quot;tn&quot;:&quot;-U&quot;}\" data-lynx-mode=\"async\">http:\/\/bit.ly\/sestsenat-cobradores<\/a><\/p>\n<p><a class=\"_58cn\" href=\"https:\/\/www.facebook.com\/hashtag\/cobradoressestsenat?source=feed_text&amp;epa=HASHTAG&amp;__xts__%5B0%5D=68.ARBX86WescFKAR7Xg5oepWGXH-P1vYuekJGMJzI764T-2Y8gU8jQoBOeaksTDyBFeqoYLgu1KilEjVAVLibDwQJ7maDhZCL235OvUSqRxnimOuZXuapAyx43l3_oRV4KeRfwrutOg3-cKgP3nTZhqXINgzmcs3xCdSNA_kuPBwn7GzBJnXLDkahgNLPFxktSEmQDW_jzQpBd0abPtRBYlo0gbBtQuo7IvW5UHsjBdBl6EOf_YBpAOw_3glgFcy27XNni5fPOHK9Uckq4ShBQU4Yp53L6euK3kbMBTFPleJ9Vtu5KNNmVidhmT6Xb1csY8E48l3iFxynOphvd4DpaWo3yHA&amp;__tn__=%2ANK-R\" data-ft=\"{&quot;type&quot;:104,&quot;tn&quot;:&quot;*N&quot;}\"><span class=\"_5afx\"><span class=\"_58cl _5afz\" aria-label=\"hashtag\">#<\/span><span class=\"_58cm\">CobradoresSESTSENAT<\/span><\/span><\/a><\/p>\n<\/div>\n","protected":false},"excerpt":{"rendered":"<p>IMPORTANTE&nbsp;?&nbsp;O projeto de qualifica\u00e7\u00e3o de cobradores teve suas inscri\u00e7\u00f5es prorrogadas at\u00e9 dia 18 de abril de 2019 at\u00e9 \u00e0s 17h (hor\u00e1rio de Bras\u00edlia). Ent\u00e3o quem ainda n\u00e3o tinha se inscrito, a hora \u00e9 agora! TODAS as informa\u00e7\u00f5es de que voc\u00ea precisa para participar est\u00e3o aqui&nbsp;?http:\/\/bit.ly\/sestsenat-edital-cobradores E, para se inscrever, basta clicar aqui&nbsp;?&nbsp;http:\/\/bit.ly\/sestsenat-cobradores #CobradoresSESTSENAT<\/p>\n","protected":false},"author":1,"featured_media":3268,"comment_status":"open","ping_status":"open","sticky":false,"template":"","format":"standard","meta":{"_mi_skip_tracking":false,"_monsterinsights_sitenote_active":false,"_monsterinsights_sitenote_note":"","_monsterinsights_sitenote_category":0,"ngg_post_thumbnail":0},"categories":[1],"tags":[259],"_links":{"self":[{"href":"http:\/\/viacaofortaleza.com.br\/index.php\/wp-json\/wp\/v2\/posts\/3267"}],"collection":[{"href":"http:\/\/viacaofortaleza.com.br\/index.php\/wp-json\/wp\/v2\/posts"}],"about":[{"href":"http:\/\/viacaofortaleza.com.br\/index.php\/wp-json\/wp\/v2\/types\/post"}],"author":[{"embeddable":true,"href":"http:\/\/viacaofortaleza.com.br\/index.php\/wp-json\/wp\/v2\/users\/1"}],"replies":[{"embeddable":true,"href":"http:\/\/viacaofortaleza.com.br\/index.php\/wp-json\/wp\/v2\/comments?post=3267"}],"version-history":[{"count":1,"href":"http:\/\/viacaofortaleza.com.br\/index.php\/wp-json\/wp\/v2\/posts\/3267\/revisions"}],"predecessor-version":[{"id":3269,"href":"http:\/\/viacaofortaleza.com.br\/index.php\/wp-json\/wp\/v2\/posts\/3267\/revisions\/3269"}],"wp:featuredmedia":[{"embeddable":true,"href":"http:\/\/viacaofortaleza.com.br\/index.php\/wp-json\/wp\/v2\/media\/3268"}],"wp:attachment":[{"href":"http:\/\/viacaofortaleza.com.br\/index.php\/wp-json\/wp\/v2\/media?parent=3267"}],"wp:term":[{"taxonomy":"category","embeddable":true,"href":"http:\/\/viacaofortaleza.com.br\/index.php\/wp-json\/wp\/v2\/categories?post=3267"},{"taxonomy":"post_tag","embeddable":true,"href":"http:\/\/viacaofortaleza.com.br\/index.php\/wp-json\/wp\/v2\/tags?post=3267"}],"curies":[{"name":"wp","href":"https:\/\/api.w.org\/{rel}","templated":true}]}}