{"id":3301,"date":"2019-03-26T15:30:47","date_gmt":"2019-03-26T18:30:47","guid":{"rendered":"http:\/\/viacaofortaleza.com.br\/?p=3301"},"modified":"2019-03-26T14:33:40","modified_gmt":"2019-03-26T17:33:40","slug":"dds-dia-mundial-da-agua","status":"publish","type":"post","link":"http:\/\/viacaofortaleza.com.br\/index.php\/2019\/03\/26\/dds-dia-mundial-da-agua\/","title":{"rendered":"DDS &#8211; Dia Mundial da \u00c1gua"},"content":{"rendered":"<p>Nesta sexta-feira, em comemora\u00e7\u00e3o ao Dia Mundial da \u00c1gua, realizamos um DDS \u2013 Di\u00e1logo Di\u00e1rio de Seguran\u00e7a &#8211; com nossos colaboradores da manuten\u00e7\u00e3o, falando sobre os meios de economia de \u00e1gua na empresa e em casa e algumas estat\u00edsticas do consumo de \u00e1gua no Brasil.<\/p>\n<p>Incentivando sempre a cidadania e a auto responsabilidade para com o meio ambiente. Unidos podemos manter nossa \u00e1gua pot\u00e1vel por muito mais tempo.<\/p>\n<p>Via\u00e7\u00e3o Fortaleza<br \/>\nH\u00e1 66 anos, conduzindo e valorizando pessoas atrav\u00e9s do entendimento.<\/p>\n","protected":false},"excerpt":{"rendered":"<p>Nesta sexta-feira, em comemora\u00e7\u00e3o ao Dia Mundial da \u00c1gua, realizamos um DDS \u2013 Di\u00e1logo Di\u00e1rio de Seguran\u00e7a &#8211; com nossos colaboradores da manuten\u00e7\u00e3o, falando sobre os meios de economia de \u00e1gua na empresa e em casa e algumas estat\u00edsticas do consumo de \u00e1gua no Brasil. Incentivando sempre a cidadania e a auto responsabilidade para com&hellip; <br \/> <a class=\"read-more\" href=\"http:\/\/viacaofortaleza.com.br\/index.php\/2019\/03\/26\/dds-dia-mundial-da-agua\/\">Leia mais<\/a><\/p>\n","protected":false},"author":1,"featured_media":3302,"comment_status":"open","ping_status":"open","sticky":false,"template":"","format":"standard","meta":{"_mi_skip_tracking":false,"_monsterinsights_sitenote_active":false,"_monsterinsights_sitenote_note":"","_monsterinsights_sitenote_category":0,"ngg_post_thumbnail":0},"categories":[12,3],"tags":[268,262],"_links":{"self":[{"href":"http:\/\/viacaofortaleza.com.br\/index.php\/wp-json\/wp\/v2\/posts\/3301"}],"collection":[{"href":"http:\/\/viacaofortaleza.com.br\/index.php\/wp-json\/wp\/v2\/posts"}],"about":[{"href":"http:\/\/viacaofortaleza.com.br\/index.php\/wp-json\/wp\/v2\/types\/post"}],"author":[{"embeddable":true,"href":"http:\/\/viacaofortaleza.com.br\/index.php\/wp-json\/wp\/v2\/users\/1"}],"replies":[{"embeddable":true,"href":"http:\/\/viacaofortaleza.com.br\/index.php\/wp-json\/wp\/v2\/comments?post=3301"}],"version-history":[{"count":1,"href":"http:\/\/viacaofortaleza.com.br\/index.php\/wp-json\/wp\/v2\/posts\/3301\/revisions"}],"predecessor-version":[{"id":3303,"href":"http:\/\/viacaofortaleza.com.br\/index.php\/wp-json\/wp\/v2\/posts\/3301\/revisions\/3303"}],"wp:featuredmedia":[{"embeddable":true,"href":"http:\/\/viacaofortaleza.com.br\/index.php\/wp-json\/wp\/v2\/media\/3302"}],"wp:attachment":[{"href":"http:\/\/viacaofortaleza.com.br\/index.php\/wp-json\/wp\/v2\/media?parent=3301"}],"wp:term":[{"taxonomy":"category","embeddable":true,"href":"http:\/\/viacaofortaleza.com.br\/index.php\/wp-json\/wp\/v2\/categories?post=3301"},{"taxonomy":"post_tag","embeddable":true,"href":"http:\/\/viacaofortaleza.com.br\/index.php\/wp-json\/wp\/v2\/tags?post=3301"}],"curies":[{"name":"wp","href":"https:\/\/api.w.org\/{rel}","templated":true}]}}