{"id":3329,"date":"2019-03-29T16:23:44","date_gmt":"2019-03-29T19:23:44","guid":{"rendered":"http:\/\/viacaofortaleza.com.br\/?p=3329"},"modified":"2019-03-29T16:23:44","modified_gmt":"2019-03-29T19:23:44","slug":"acompanhamentos-6-meses-e-1-ano-marco-2019","status":"publish","type":"post","link":"http:\/\/viacaofortaleza.com.br\/index.php\/2019\/03\/29\/acompanhamentos-6-meses-e-1-ano-marco-2019\/","title":{"rendered":"Acompanhamentos 6 meses e 1 ano &#8211; Mar\u00e7o 2019"},"content":{"rendered":"<p><a class=\"_58cn\" href=\"https:\/\/www.facebook.com\/hashtag\/acompanhamentos?source=feed_text&amp;epa=HASHTAG&amp;__xts__%5B0%5D=68.ARCOXmlYHtmuvLlrJaWgmBaMc3T_iWCQHk1MH-JYCY2iRNNDkhHKWN9rIvW78Ie7BhOxxL_WnXlWWDeCGyWotz0HulDcOUowU5IFxDfe8TlFEbSCWK2NxnxIUQPKeGGG5Xg7JyVbgc59s-mITJRWRkaLMUEuR8kkbeqly3LKuBZH7-zDd9rEcVA8_BsNQpFV6_YA1SLpO3Q7f_tHoQq9UMyc8d4piMjJvjvvumiwqm_3IeecTuut5wfRbg69ayozg8ZcLK9RfEzTlzywwEXgP5-p0W063lSmi2ntUoPgEsa2m6Wkx6FdbMpKLNGW_mO-nPbVexRYLM8WtZf-FrrUtUF8ug&amp;__tn__=%2ANK-R\" data-ft=\"{&quot;type&quot;:104,&quot;tn&quot;:&quot;*N&quot;}\"><span class=\"_5afx\"><span class=\"_58cl _5afz\" aria-label=\"hashtag\">#<\/span><span class=\"_58cm\">acompanhamentos<\/span><\/span><\/a><\/p>\n<p>Neste m\u00eas de mar\u00e7o, nos dias 22 e 29, realizamos os acompanhamentos por tempo de empresa, pelos primeiros 6 meses e 1 ano de dedica\u00e7\u00e3o \u00e0 Via\u00e7\u00e3o Fortaleza.<\/p>\n<p>Gratid\u00e3o por termos, em nosso quadro de colaboradores, pessoas engajadas em fazer a diferen\u00e7a!<\/p>\n<div class=\"text_exposed_show\">\n<p>Via\u00e7\u00e3o Fortaleza<br \/>\nH\u00e1 66 anos, conduzindo e valorizando pessoas atrav\u00e9s do entendimento<\/p>\n<\/div>\n","protected":false},"excerpt":{"rendered":"<p>#acompanhamentos Neste m\u00eas de mar\u00e7o, nos dias 22 e 29, realizamos os acompanhamentos por tempo de empresa, pelos primeiros 6 meses e 1 ano de dedica\u00e7\u00e3o \u00e0 Via\u00e7\u00e3o Fortaleza. Gratid\u00e3o por termos, em nosso quadro de colaboradores, pessoas engajadas em fazer a diferen\u00e7a! Via\u00e7\u00e3o Fortaleza H\u00e1 66 anos, conduzindo e valorizando pessoas atrav\u00e9s do entendimento<\/p>\n","protected":false},"author":1,"featured_media":3330,"comment_status":"open","ping_status":"open","sticky":false,"template":"","format":"standard","meta":{"_mi_skip_tracking":false,"_monsterinsights_sitenote_active":false,"_monsterinsights_sitenote_note":"","_monsterinsights_sitenote_category":0,"ngg_post_thumbnail":0},"categories":[13],"tags":[],"_links":{"self":[{"href":"http:\/\/viacaofortaleza.com.br\/index.php\/wp-json\/wp\/v2\/posts\/3329"}],"collection":[{"href":"http:\/\/viacaofortaleza.com.br\/index.php\/wp-json\/wp\/v2\/posts"}],"about":[{"href":"http:\/\/viacaofortaleza.com.br\/index.php\/wp-json\/wp\/v2\/types\/post"}],"author":[{"embeddable":true,"href":"http:\/\/viacaofortaleza.com.br\/index.php\/wp-json\/wp\/v2\/users\/1"}],"replies":[{"embeddable":true,"href":"http:\/\/viacaofortaleza.com.br\/index.php\/wp-json\/wp\/v2\/comments?post=3329"}],"version-history":[{"count":1,"href":"http:\/\/viacaofortaleza.com.br\/index.php\/wp-json\/wp\/v2\/posts\/3329\/revisions"}],"predecessor-version":[{"id":3331,"href":"http:\/\/viacaofortaleza.com.br\/index.php\/wp-json\/wp\/v2\/posts\/3329\/revisions\/3331"}],"wp:featuredmedia":[{"embeddable":true,"href":"http:\/\/viacaofortaleza.com.br\/index.php\/wp-json\/wp\/v2\/media\/3330"}],"wp:attachment":[{"href":"http:\/\/viacaofortaleza.com.br\/index.php\/wp-json\/wp\/v2\/media?parent=3329"}],"wp:term":[{"taxonomy":"category","embeddable":true,"href":"http:\/\/viacaofortaleza.com.br\/index.php\/wp-json\/wp\/v2\/categories?post=3329"},{"taxonomy":"post_tag","embeddable":true,"href":"http:\/\/viacaofortaleza.com.br\/index.php\/wp-json\/wp\/v2\/tags?post=3329"}],"curies":[{"name":"wp","href":"https:\/\/api.w.org\/{rel}","templated":true}]}}