{"id":3334,"date":"2019-04-01T08:31:42","date_gmt":"2019-04-01T11:31:42","guid":{"rendered":"http:\/\/viacaofortaleza.com.br\/?p=3334"},"modified":"2019-04-01T08:31:42","modified_gmt":"2019-04-01T11:31:42","slug":"passeio-historico-fortaleza-historia-em-movimento-293-anos","status":"publish","type":"post","link":"http:\/\/viacaofortaleza.com.br\/index.php\/2019\/04\/01\/passeio-historico-fortaleza-historia-em-movimento-293-anos\/","title":{"rendered":"Passeio Hist\u00f3rico &#8211; Fortaleza Hist\u00f3ria em Movimento &#8211; 293 anos"},"content":{"rendered":"<div class=\"\" data-block=\"true\" data-editor=\"elars\" data-offset-key=\"bhvr-0-0\">\n<div class=\"_1mf _1mj\" data-offset-key=\"bhvr-0-0\"><span data-offset-key=\"bhvr-0-0\">Inscri\u00e7\u00f5es abertas! <\/span><\/div>\n<\/div>\n<div class=\"\" data-block=\"true\" data-editor=\"elars\" data-offset-key=\"68u0j-0-0\">\n<div class=\"_1mf _1mj\" data-offset-key=\"68u0j-0-0\"><span data-offset-key=\"68u0j-0-0\">&nbsp;<\/span><\/div>\n<\/div>\n<div class=\"\" data-block=\"true\" data-editor=\"elars\" data-offset-key=\"adijs-0-0\">\n<div class=\"_1mf _1mj\" data-offset-key=\"adijs-0-0\"><span data-offset-key=\"adijs-0-0\">Confira a programa\u00e7\u00e3o e fa\u00e7a sua pr\u00e9-inscri\u00e7\u00e3o gratuita no site: www.sindionibus.com.br. <\/span><\/div>\n<\/div>\n<div class=\"\" data-block=\"true\" data-editor=\"elars\" data-offset-key=\"9e4a8-0-0\">\n<div class=\"_1mf _1mj\" data-offset-key=\"9e4a8-0-0\"><span data-offset-key=\"9e4a8-0-0\">&nbsp;<\/span><\/div>\n<\/div>\n<div class=\"\" data-block=\"true\" data-editor=\"elars\" data-offset-key=\"b5kee-0-0\">\n<div class=\"_1mf _1mj\" data-offset-key=\"b5kee-0-0\"><span data-offset-key=\"b5kee-0-0\">Em comemora\u00e7\u00e3o ao anivers\u00e1rio de Fortaleza que completar\u00e1 293 anos, o Sindi\u00f4nibus ir\u00e1 promover, no dia 14 de abril, um passeio de \u00f4nibus por alguns pontos hist\u00f3ricos da cidade, guiado pelo historiador Gerson Linhares, com participa\u00e7\u00e3o do mascote Bode Ioi\u00f4. <\/span><\/div>\n<\/div>\n<div class=\"\" data-block=\"true\" data-editor=\"elars\" data-offset-key=\"9seab-0-0\">\n<div class=\"_1mf _1mj\" data-offset-key=\"9seab-0-0\"><span data-offset-key=\"9seab-0-0\">&nbsp;<\/span><\/div>\n<\/div>\n<div class=\"\" data-block=\"true\" data-editor=\"elars\" data-offset-key=\"25q0k-0-0\">\n<div class=\"_1mf _1mj\" data-offset-key=\"25q0k-0-0\"><span data-offset-key=\"25q0k-0-0\">O \u201cFortaleza Hist\u00f3ria em Movimento\u201d j\u00e1 acontece pelo quarto ano e tem como objetivo promover gratuitamente o acesso \u00e0 cultura e \u00e0 hist\u00f3ria da cidade para a popula\u00e7\u00e3o.<\/span><\/div>\n<\/div>\n<div class=\"\" data-block=\"true\" data-editor=\"elars\" data-offset-key=\"4hi8i-0-0\">\n<div class=\"_1mf _1mj\" data-offset-key=\"4hi8i-0-0\"><span data-offset-key=\"4hi8i-0-0\">&nbsp;<\/span><\/div>\n<\/div>\n<div class=\"\" data-block=\"true\" data-editor=\"elars\" data-offset-key=\"c433g-0-0\">\n<div class=\"_1mf _1mj\" data-offset-key=\"c433g-0-0\"><span class=\"_5zk7\" spellcheck=\"false\" data-offset-key=\"c433g-0-0\"><span data-offset-key=\"c433g-0-0\">#sindionibus<\/span><\/span> <span class=\"_5zk7\" spellcheck=\"false\" data-offset-key=\"c433g-2-0\"><span data-offset-key=\"c433g-2-0\">#fortalezahistoriaemmovimento<\/span><\/span> <span class=\"_5zk7\" spellcheck=\"false\" data-offset-key=\"c433g-4-0\"><span data-offset-key=\"c433g-4-0\">#SuaVidaemMovimento<\/span><\/span> <span class=\"_5zk7\" spellcheck=\"false\" data-offset-key=\"c433g-6-0\"><span data-offset-key=\"c433g-6-0\">#vidaemmovimento<\/span><\/span> <span class=\"_5zk7\" spellcheck=\"false\" data-offset-key=\"c433g-8-0\"><span data-offset-key=\"c433g-8-0\">#fortaleza<\/span><\/span><\/div>\n<\/div>\n","protected":false},"excerpt":{"rendered":"<p>Inscri\u00e7\u00f5es abertas! &nbsp; Confira a programa\u00e7\u00e3o e fa\u00e7a sua pr\u00e9-inscri\u00e7\u00e3o gratuita no site: www.sindionibus.com.br. &nbsp; Em comemora\u00e7\u00e3o ao anivers\u00e1rio de Fortaleza que completar\u00e1 293 anos, o Sindi\u00f4nibus ir\u00e1 promover, no dia 14 de abril, um passeio de \u00f4nibus por alguns pontos hist\u00f3ricos da cidade, guiado pelo historiador Gerson Linhares, com participa\u00e7\u00e3o do mascote Bode Ioi\u00f4.&hellip; <br \/> <a class=\"read-more\" href=\"http:\/\/viacaofortaleza.com.br\/index.php\/2019\/04\/01\/passeio-historico-fortaleza-historia-em-movimento-293-anos\/\">Leia mais<\/a><\/p>\n","protected":false},"author":1,"featured_media":3335,"comment_status":"open","ping_status":"open","sticky":false,"template":"","format":"standard","meta":{"_mi_skip_tracking":false,"_monsterinsights_sitenote_active":false,"_monsterinsights_sitenote_note":"","_monsterinsights_sitenote_category":0,"ngg_post_thumbnail":0},"categories":[1],"tags":[272],"_links":{"self":[{"href":"http:\/\/viacaofortaleza.com.br\/index.php\/wp-json\/wp\/v2\/posts\/3334"}],"collection":[{"href":"http:\/\/viacaofortaleza.com.br\/index.php\/wp-json\/wp\/v2\/posts"}],"about":[{"href":"http:\/\/viacaofortaleza.com.br\/index.php\/wp-json\/wp\/v2\/types\/post"}],"author":[{"embeddable":true,"href":"http:\/\/viacaofortaleza.com.br\/index.php\/wp-json\/wp\/v2\/users\/1"}],"replies":[{"embeddable":true,"href":"http:\/\/viacaofortaleza.com.br\/index.php\/wp-json\/wp\/v2\/comments?post=3334"}],"version-history":[{"count":1,"href":"http:\/\/viacaofortaleza.com.br\/index.php\/wp-json\/wp\/v2\/posts\/3334\/revisions"}],"predecessor-version":[{"id":3336,"href":"http:\/\/viacaofortaleza.com.br\/index.php\/wp-json\/wp\/v2\/posts\/3334\/revisions\/3336"}],"wp:featuredmedia":[{"embeddable":true,"href":"http:\/\/viacaofortaleza.com.br\/index.php\/wp-json\/wp\/v2\/media\/3335"}],"wp:attachment":[{"href":"http:\/\/viacaofortaleza.com.br\/index.php\/wp-json\/wp\/v2\/media?parent=3334"}],"wp:term":[{"taxonomy":"category","embeddable":true,"href":"http:\/\/viacaofortaleza.com.br\/index.php\/wp-json\/wp\/v2\/categories?post=3334"},{"taxonomy":"post_tag","embeddable":true,"href":"http:\/\/viacaofortaleza.com.br\/index.php\/wp-json\/wp\/v2\/tags?post=3334"}],"curies":[{"name":"wp","href":"https:\/\/api.w.org\/{rel}","templated":true}]}}