{"id":3510,"date":"2019-04-10T11:38:15","date_gmt":"2019-04-10T14:38:15","guid":{"rendered":"http:\/\/viacaofortaleza.com.br\/?p=3510"},"modified":"2019-04-10T11:38:15","modified_gmt":"2019-04-10T14:38:15","slug":"semana-da-saude-roda-de-conversa-cancer-de-pele-como-prevenir-e-tratar","status":"publish","type":"post","link":"http:\/\/viacaofortaleza.com.br\/index.php\/2019\/04\/10\/semana-da-saude-roda-de-conversa-cancer-de-pele-como-prevenir-e-tratar\/","title":{"rendered":"Semana da Sa\u00fade &#8211; Roda de Conversa: C\u00e2ncer de Pele, como prevenir e tratar."},"content":{"rendered":"<div class=\"\" data-block=\"true\" data-editor=\"e4o2c\" data-offset-key=\"1lboo-0-0\">\n<div class=\"_1mf _1mj\" data-offset-key=\"1lboo-0-0\"><span class=\"_3gl1 _5zz4\" data-offset-key=\"1lboo-0-0\"><span class=\"_ncl\">\u2705<\/span><\/span><span data-offset-key=\"1lboo-1-0\">Iniciamos a nossa Semana da Sa\u00fade 2019, com uma Roda de Conversa sobre o tema: C\u00e2ncer de Pele, como prevenir e tratar. Guiada pelo nosso m\u00e9dico do trabalho, Dr. Paulo Sindeaux e nossa t\u00e9cnica em enfermagem, Everlene Martins.<\/span><\/div>\n<\/div>\n<div class=\"\" data-block=\"true\" data-editor=\"e4o2c\" data-offset-key=\"3b0sc-0-0\">\n<div class=\"_1mf _1mj\" data-offset-key=\"3b0sc-0-0\"><span data-offset-key=\"3b0sc-0-0\">&nbsp;<\/span><\/div>\n<\/div>\n<div class=\"\" data-block=\"true\" data-editor=\"e4o2c\" data-offset-key=\"2r5tf-0-0\">\n<div class=\"_1mf _1mj\" data-offset-key=\"2r5tf-0-0\"><span class=\"_3gl1 _5zz4\" data-offset-key=\"2r5tf-0-0\"><span class=\"_ncl\">\u2600\ufe0f<\/span><\/span><span data-offset-key=\"2r5tf-1-0\">Um momento de intera\u00e7\u00e3o entre nossos colaboradores, com muito bate-papo, tira d\u00favidas e informa\u00e7\u00f5es. Tamb\u00e9m contamos com a presen\u00e7a do nosso colaborador Sebasti\u00e3o, que, praticando a cidadania em forma de empatia e solidariedade, veio contar um pouco da sua experi\u00eancia com o c\u00e2ncer de pele aos seus colegas de trabalho.<\/span><\/div>\n<\/div>\n<div class=\"\" data-block=\"true\" data-editor=\"e4o2c\" data-offset-key=\"1580m-0-0\">\n<div class=\"_1mf _1mj\" data-offset-key=\"1580m-0-0\"><span data-offset-key=\"1580m-0-0\">&nbsp;<\/span><\/div>\n<\/div>\n<div class=\"\" data-block=\"true\" data-editor=\"e4o2c\" data-offset-key=\"63qi-0-0\">\n<div class=\"_1mf _1mj\" data-offset-key=\"63qi-0-0\"><span class=\"_3gl1 _5zz4\" data-offset-key=\"63qi-0-0\"><span class=\"_ncl\">?<\/span><\/span><span data-offset-key=\"63qi-1-0\">Agradecemos a presen\u00e7a de todos que participaram neste momento, onde continuamos incentivando a auto responsabilidade com seu corpo e sua sa\u00fade.<\/span><\/div>\n<\/div>\n<div class=\"\" data-block=\"true\" data-editor=\"e4o2c\" data-offset-key=\"ca3m5-0-0\">\n<div class=\"_1mf _1mj\" data-offset-key=\"ca3m5-0-0\"><span data-offset-key=\"ca3m5-0-0\">&nbsp;<\/span><\/div>\n<\/div>\n<div class=\"\" data-block=\"true\" data-editor=\"e4o2c\" data-offset-key=\"3erf9-0-0\">\n<div class=\"_1mf _1mj\" data-offset-key=\"3erf9-0-0\"><span data-offset-key=\"3erf9-0-0\">Via\u00e7\u00e3o Fortaleza<\/span><\/div>\n<\/div>\n<div class=\"\" data-block=\"true\" data-editor=\"e4o2c\" data-offset-key=\"24k51-0-0\">\n<div class=\"_1mf _1mj\" data-offset-key=\"24k51-0-0\"><span data-offset-key=\"24k51-0-0\">H\u00e1 66 anos, conduzindo e valorizando pessoas atrav\u00e9s do entendimento.<\/span><\/div>\n<\/div>\n","protected":false},"excerpt":{"rendered":"<p>\u2705Iniciamos a nossa Semana da Sa\u00fade 2019, com uma Roda de Conversa sobre o tema: C\u00e2ncer de Pele, como prevenir e tratar. Guiada pelo nosso m\u00e9dico do trabalho, Dr. Paulo Sindeaux e nossa t\u00e9cnica em enfermagem, Everlene Martins. &nbsp; \u2600\ufe0fUm momento de intera\u00e7\u00e3o entre nossos colaboradores, com muito bate-papo, tira d\u00favidas e informa\u00e7\u00f5es. Tamb\u00e9m contamos&hellip; <br \/> <a class=\"read-more\" href=\"http:\/\/viacaofortaleza.com.br\/index.php\/2019\/04\/10\/semana-da-saude-roda-de-conversa-cancer-de-pele-como-prevenir-e-tratar\/\">Leia mais<\/a><\/p>\n","protected":false},"author":1,"featured_media":3511,"comment_status":"open","ping_status":"open","sticky":false,"template":"","format":"standard","meta":{"_mi_skip_tracking":false,"_monsterinsights_sitenote_active":false,"_monsterinsights_sitenote_note":"","_monsterinsights_sitenote_category":0,"ngg_post_thumbnail":0},"categories":[3,136],"tags":[292,291],"_links":{"self":[{"href":"http:\/\/viacaofortaleza.com.br\/index.php\/wp-json\/wp\/v2\/posts\/3510"}],"collection":[{"href":"http:\/\/viacaofortaleza.com.br\/index.php\/wp-json\/wp\/v2\/posts"}],"about":[{"href":"http:\/\/viacaofortaleza.com.br\/index.php\/wp-json\/wp\/v2\/types\/post"}],"author":[{"embeddable":true,"href":"http:\/\/viacaofortaleza.com.br\/index.php\/wp-json\/wp\/v2\/users\/1"}],"replies":[{"embeddable":true,"href":"http:\/\/viacaofortaleza.com.br\/index.php\/wp-json\/wp\/v2\/comments?post=3510"}],"version-history":[{"count":1,"href":"http:\/\/viacaofortaleza.com.br\/index.php\/wp-json\/wp\/v2\/posts\/3510\/revisions"}],"predecessor-version":[{"id":3512,"href":"http:\/\/viacaofortaleza.com.br\/index.php\/wp-json\/wp\/v2\/posts\/3510\/revisions\/3512"}],"wp:featuredmedia":[{"embeddable":true,"href":"http:\/\/viacaofortaleza.com.br\/index.php\/wp-json\/wp\/v2\/media\/3511"}],"wp:attachment":[{"href":"http:\/\/viacaofortaleza.com.br\/index.php\/wp-json\/wp\/v2\/media?parent=3510"}],"wp:term":[{"taxonomy":"category","embeddable":true,"href":"http:\/\/viacaofortaleza.com.br\/index.php\/wp-json\/wp\/v2\/categories?post=3510"},{"taxonomy":"post_tag","embeddable":true,"href":"http:\/\/viacaofortaleza.com.br\/index.php\/wp-json\/wp\/v2\/tags?post=3510"}],"curies":[{"name":"wp","href":"https:\/\/api.w.org\/{rel}","templated":true}]}}