{"id":3614,"date":"2019-04-22T09:35:17","date_gmt":"2019-04-22T12:35:17","guid":{"rendered":"http:\/\/viacaofortaleza.com.br\/?p=3614"},"modified":"2019-04-22T09:35:17","modified_gmt":"2019-04-22T12:35:17","slug":"reuniao-transportes-urbanos-alianca","status":"publish","type":"post","link":"http:\/\/viacaofortaleza.com.br\/index.php\/2019\/04\/22\/reuniao-transportes-urbanos-alianca\/","title":{"rendered":"Reuni\u00e3o &#8211; Transportes Urbanos Alian\u00e7a"},"content":{"rendered":"<div class=\"\" data-block=\"true\" data-editor=\"6ee2e\" data-offset-key=\"5j395-0-0\">\n<div class=\"_1mf _1mj\" data-offset-key=\"5j395-0-0\"><span data-offset-key=\"5j395-0-0\">Tivemos o prazer de receber nesta quarta-feira (17.04) alguns colaboradores da empresa Transportes Urbanos Alian\u00e7a, para uma manh\u00e3 de troca de informa\u00e7\u00f5es e processos gerenciais dos setores do RH, Endomarketing e Tr\u00e1fego. Aproveitamos para parabenizar a diretora Juliana por completar mais um ano de vida!<\/span><\/div>\n<\/div>\n<div class=\"\" data-block=\"true\" data-editor=\"6ee2e\" data-offset-key=\"eljq2-0-0\">\n<div class=\"_1mf _1mj\" data-offset-key=\"eljq2-0-0\"><span data-offset-key=\"eljq2-0-0\">&nbsp;<\/span><\/div>\n<\/div>\n<div class=\"\" data-block=\"true\" data-editor=\"6ee2e\" data-offset-key=\"at5m1-0-0\">\n<div class=\"_1mf _1mj\" data-offset-key=\"at5m1-0-0\"><span data-offset-key=\"at5m1-0-0\">Foi um prazer trocar experi\u00eancias com voc\u00eas! Estamos sempre de portas abertas para o que precisarem!<\/span><\/div>\n<\/div>\n<div class=\"\" data-block=\"true\" data-editor=\"6ee2e\" data-offset-key=\"aauqj-0-0\">\n<div class=\"_1mf _1mj\" data-offset-key=\"aauqj-0-0\"><span data-offset-key=\"aauqj-0-0\">&nbsp;<\/span><\/div>\n<\/div>\n<div class=\"\" data-block=\"true\" data-editor=\"6ee2e\" data-offset-key=\"6m4ji-0-0\">\n<div class=\"_1mf _1mj\" data-offset-key=\"6m4ji-0-0\"><span data-offset-key=\"6m4ji-0-0\">Via\u00e7\u00e3o Fortaleza<\/span><\/div>\n<\/div>\n<div class=\"\" data-block=\"true\" data-editor=\"6ee2e\" data-offset-key=\"dqsgk-0-0\">\n<div class=\"_1mf _1mj\" data-offset-key=\"dqsgk-0-0\"><span data-offset-key=\"dqsgk-0-0\">H\u00e1 66 anos, conduzindo e valorizando pessoas atrav\u00e9s do entendimento.<\/span><\/div>\n<\/div>\n<div class=\"\" data-block=\"true\" data-editor=\"6ee2e\" data-offset-key=\"9j0pg-0-0\">\n<div class=\"_1mf _1mj\" data-offset-key=\"9j0pg-0-0\"><span data-offset-key=\"9j0pg-0-0\">&nbsp;<\/span><\/div>\n<\/div>\n<div class=\"\" data-block=\"true\" data-editor=\"6ee2e\" data-offset-key=\"6levm-0-0\">\n<div class=\"_1mf _1mj\" data-offset-key=\"6levm-0-0\"><span class=\"_5zk7\" spellcheck=\"false\" data-offset-key=\"6levm-0-0\"><span data-offset-key=\"6levm-0-0\">#setordotransporte<\/span><\/span> <span class=\"_5zk7\" spellcheck=\"false\" data-offset-key=\"6levm-2-0\"><span data-offset-key=\"6levm-2-0\">#gest\u00e3odepessoas<\/span><\/span> <span class=\"_5zk7\" spellcheck=\"false\" data-offset-key=\"6levm-4-0\"><span data-offset-key=\"6levm-4-0\">#parceiros<\/span><\/span> <span class=\"_5zk7\" spellcheck=\"false\" data-offset-key=\"6levm-6-0\"><span data-offset-key=\"6levm-6-0\">#alian\u00e7a<\/span><\/span><\/div>\n<\/div>\n<div class=\"\" data-block=\"true\" data-editor=\"6ee2e\" data-offset-key=\"47et-0-0\">&nbsp;<\/div>\n","protected":false},"excerpt":{"rendered":"<p>Tivemos o prazer de receber nesta quarta-feira (17.04) alguns colaboradores da empresa Transportes Urbanos Alian\u00e7a, para uma manh\u00e3 de troca de informa\u00e7\u00f5es e processos gerenciais dos setores do RH, Endomarketing e Tr\u00e1fego. Aproveitamos para parabenizar a diretora Juliana por completar mais um ano de vida! &nbsp; Foi um prazer trocar experi\u00eancias com voc\u00eas! Estamos sempre&hellip; <br \/> <a class=\"read-more\" href=\"http:\/\/viacaofortaleza.com.br\/index.php\/2019\/04\/22\/reuniao-transportes-urbanos-alianca\/\">Leia mais<\/a><\/p>\n","protected":false},"author":1,"featured_media":3615,"comment_status":"open","ping_status":"open","sticky":false,"template":"","format":"standard","meta":{"_mi_skip_tracking":false,"_monsterinsights_sitenote_active":false,"_monsterinsights_sitenote_note":"","_monsterinsights_sitenote_category":0,"ngg_post_thumbnail":0},"categories":[1],"tags":[308],"_links":{"self":[{"href":"http:\/\/viacaofortaleza.com.br\/index.php\/wp-json\/wp\/v2\/posts\/3614"}],"collection":[{"href":"http:\/\/viacaofortaleza.com.br\/index.php\/wp-json\/wp\/v2\/posts"}],"about":[{"href":"http:\/\/viacaofortaleza.com.br\/index.php\/wp-json\/wp\/v2\/types\/post"}],"author":[{"embeddable":true,"href":"http:\/\/viacaofortaleza.com.br\/index.php\/wp-json\/wp\/v2\/users\/1"}],"replies":[{"embeddable":true,"href":"http:\/\/viacaofortaleza.com.br\/index.php\/wp-json\/wp\/v2\/comments?post=3614"}],"version-history":[{"count":1,"href":"http:\/\/viacaofortaleza.com.br\/index.php\/wp-json\/wp\/v2\/posts\/3614\/revisions"}],"predecessor-version":[{"id":3616,"href":"http:\/\/viacaofortaleza.com.br\/index.php\/wp-json\/wp\/v2\/posts\/3614\/revisions\/3616"}],"wp:featuredmedia":[{"embeddable":true,"href":"http:\/\/viacaofortaleza.com.br\/index.php\/wp-json\/wp\/v2\/media\/3615"}],"wp:attachment":[{"href":"http:\/\/viacaofortaleza.com.br\/index.php\/wp-json\/wp\/v2\/media?parent=3614"}],"wp:term":[{"taxonomy":"category","embeddable":true,"href":"http:\/\/viacaofortaleza.com.br\/index.php\/wp-json\/wp\/v2\/categories?post=3614"},{"taxonomy":"post_tag","embeddable":true,"href":"http:\/\/viacaofortaleza.com.br\/index.php\/wp-json\/wp\/v2\/tags?post=3614"}],"curies":[{"name":"wp","href":"https:\/\/api.w.org\/{rel}","templated":true}]}}