{"id":3805,"date":"2019-05-10T14:45:54","date_gmt":"2019-05-10T17:45:54","guid":{"rendered":"http:\/\/viacaofortaleza.com.br\/?p=3805"},"modified":"2019-05-10T14:45:54","modified_gmt":"2019-05-10T17:45:54","slug":"maio-amarelo-acao-educativa","status":"publish","type":"post","link":"http:\/\/viacaofortaleza.com.br\/index.php\/2019\/05\/10\/maio-amarelo-acao-educativa\/","title":{"rendered":"Maio Amarelo &#8211; A\u00e7\u00e3o Educativa"},"content":{"rendered":"<p><img class=\"emojioneemoji\" src=\"https:\/\/cdn.jsdelivr.net\/emojione\/assets\/4.0\/png\/32\/1f514.png\" alt=\"?\">Nesta semana, em parceria com o Sindi\u00f4nibus, Criarht e AMC, realizamos a nossa primeira a\u00e7\u00e3o em alus\u00e3o ao Maio Amarelo, m\u00eas de conscientiza\u00e7\u00e3o para redu\u00e7\u00e3o de acidentes de tr\u00e2nsito, com um bate-papo educativo junto aos estudantes da EEMTI Jenny Gomes, no bairro Aeroporto.&nbsp;<\/p>\n<div>Visando sempre a conscientiza\u00e7\u00e3o de todos aqueles que participam do tr\u00e2nsito, de maneira a contribuir com a redu\u00e7\u00e3o dos acidentes, e entendendo que os pedestres tamb\u00e9m fazem parte deste cen\u00e1rio, tivemos uma manh\u00e3 super divertida, cheia de intera\u00e7\u00e3o e informa\u00e7\u00e3o, com os alunos da escola, que tamb\u00e9m foram convidados a participar do Concurso \u201cComo podemos melhorar o transporte p\u00fablico da nossa cidade?\u201d, que tem como objetivo incentiv\u00e1-los a pesquisar e aprender sobre mobilidade urbana, participando da constru\u00e7\u00e3o de atitudes mais conscientes no nosso sistema de transporte.<\/div>\n<div>\nAgradecemos a presen\u00e7a dos parceiros e alunos que fizeram desse bate-papo um \u00f3timo meio de conscientiza\u00e7\u00e3o para um tr\u00e2nsito + seguro!<\/div>\n<div>\n<div>&nbsp;<\/div>\n<p>#maioamarelo #transporteseguro #conscientiza\u00e7\u00e3o<\/p><\/div>\n","protected":false},"excerpt":{"rendered":"<p>Nesta semana, em parceria com o Sindi\u00f4nibus, Criarht e AMC, realizamos a nossa primeira a\u00e7\u00e3o em alus\u00e3o ao Maio Amarelo, m\u00eas de conscientiza\u00e7\u00e3o para redu\u00e7\u00e3o de acidentes de tr\u00e2nsito, com um bate-papo educativo junto aos estudantes da EEMTI Jenny Gomes, no bairro Aeroporto.&nbsp; Visando sempre a conscientiza\u00e7\u00e3o de todos aqueles que participam do tr\u00e2nsito, de&hellip; <br \/> <a class=\"read-more\" href=\"http:\/\/viacaofortaleza.com.br\/index.php\/2019\/05\/10\/maio-amarelo-acao-educativa\/\">Leia mais<\/a><\/p>\n","protected":false},"author":1,"featured_media":3806,"comment_status":"open","ping_status":"open","sticky":false,"template":"","format":"standard","meta":{"_mi_skip_tracking":false,"_monsterinsights_sitenote_active":false,"_monsterinsights_sitenote_note":"","_monsterinsights_sitenote_category":0,"ngg_post_thumbnail":0},"categories":[12],"tags":[23],"_links":{"self":[{"href":"http:\/\/viacaofortaleza.com.br\/index.php\/wp-json\/wp\/v2\/posts\/3805"}],"collection":[{"href":"http:\/\/viacaofortaleza.com.br\/index.php\/wp-json\/wp\/v2\/posts"}],"about":[{"href":"http:\/\/viacaofortaleza.com.br\/index.php\/wp-json\/wp\/v2\/types\/post"}],"author":[{"embeddable":true,"href":"http:\/\/viacaofortaleza.com.br\/index.php\/wp-json\/wp\/v2\/users\/1"}],"replies":[{"embeddable":true,"href":"http:\/\/viacaofortaleza.com.br\/index.php\/wp-json\/wp\/v2\/comments?post=3805"}],"version-history":[{"count":1,"href":"http:\/\/viacaofortaleza.com.br\/index.php\/wp-json\/wp\/v2\/posts\/3805\/revisions"}],"predecessor-version":[{"id":3807,"href":"http:\/\/viacaofortaleza.com.br\/index.php\/wp-json\/wp\/v2\/posts\/3805\/revisions\/3807"}],"wp:featuredmedia":[{"embeddable":true,"href":"http:\/\/viacaofortaleza.com.br\/index.php\/wp-json\/wp\/v2\/media\/3806"}],"wp:attachment":[{"href":"http:\/\/viacaofortaleza.com.br\/index.php\/wp-json\/wp\/v2\/media?parent=3805"}],"wp:term":[{"taxonomy":"category","embeddable":true,"href":"http:\/\/viacaofortaleza.com.br\/index.php\/wp-json\/wp\/v2\/categories?post=3805"},{"taxonomy":"post_tag","embeddable":true,"href":"http:\/\/viacaofortaleza.com.br\/index.php\/wp-json\/wp\/v2\/tags?post=3805"}],"curies":[{"name":"wp","href":"https:\/\/api.w.org\/{rel}","templated":true}]}}