{"id":3851,"date":"2019-05-17T10:19:26","date_gmt":"2019-05-17T13:19:26","guid":{"rendered":"http:\/\/viacaofortaleza.com.br\/?p=3851"},"modified":"2019-05-17T10:19:26","modified_gmt":"2019-05-17T13:19:26","slug":"programa-de-capacitacao-de-motoristas-combate-a-incendio-2","status":"publish","type":"post","link":"http:\/\/viacaofortaleza.com.br\/index.php\/2019\/05\/17\/programa-de-capacitacao-de-motoristas-combate-a-incendio-2\/","title":{"rendered":"Programa de Capacita\u00e7\u00e3o de Motoristas &#8211; Combate a Inc\u00eandio"},"content":{"rendered":"<p>Retornamos neste m\u00eas de maio, com o Programa de Capacita\u00e7\u00e3o de Motoristas, onde fazemos a reciclagem do m\u00f3dulo Combate a Inc\u00eandio com nossos condutores de vidas, atrav\u00e9s de teoria e atividade pr\u00e1tica.<\/p>\n<p>Agradecemos a participa\u00e7\u00e3o de todos que vieram refor\u00e7ar seus conhecimentos neste dia e assim promover uma maior seguran\u00e7a aos nossos usu\u00e1rios.<\/p>\n<p>Via\u00e7\u00e3o Fortaleza<\/p>\n<div>&nbsp;<\/div>\n<p>H\u00e1 66 anos, conduzindo e valorizando pessoas atrav\u00e9s do entendimento.<\/p>\n","protected":false},"excerpt":{"rendered":"<p>Retornamos neste m\u00eas de maio, com o Programa de Capacita\u00e7\u00e3o de Motoristas, onde fazemos a reciclagem do m\u00f3dulo Combate a Inc\u00eandio com nossos condutores de vidas, atrav\u00e9s de teoria e atividade pr\u00e1tica. Agradecemos a participa\u00e7\u00e3o de todos que vieram refor\u00e7ar seus conhecimentos neste dia e assim promover uma maior seguran\u00e7a aos nossos usu\u00e1rios. Via\u00e7\u00e3o Fortaleza&hellip; <br \/> <a class=\"read-more\" href=\"http:\/\/viacaofortaleza.com.br\/index.php\/2019\/05\/17\/programa-de-capacitacao-de-motoristas-combate-a-incendio-2\/\">Leia mais<\/a><\/p>\n","protected":false},"author":1,"featured_media":3852,"comment_status":"open","ping_status":"open","sticky":false,"template":"","format":"standard","meta":{"_mi_skip_tracking":false,"_monsterinsights_sitenote_active":false,"_monsterinsights_sitenote_note":"","_monsterinsights_sitenote_category":0,"ngg_post_thumbnail":0},"categories":[136],"tags":[342],"_links":{"self":[{"href":"http:\/\/viacaofortaleza.com.br\/index.php\/wp-json\/wp\/v2\/posts\/3851"}],"collection":[{"href":"http:\/\/viacaofortaleza.com.br\/index.php\/wp-json\/wp\/v2\/posts"}],"about":[{"href":"http:\/\/viacaofortaleza.com.br\/index.php\/wp-json\/wp\/v2\/types\/post"}],"author":[{"embeddable":true,"href":"http:\/\/viacaofortaleza.com.br\/index.php\/wp-json\/wp\/v2\/users\/1"}],"replies":[{"embeddable":true,"href":"http:\/\/viacaofortaleza.com.br\/index.php\/wp-json\/wp\/v2\/comments?post=3851"}],"version-history":[{"count":1,"href":"http:\/\/viacaofortaleza.com.br\/index.php\/wp-json\/wp\/v2\/posts\/3851\/revisions"}],"predecessor-version":[{"id":3853,"href":"http:\/\/viacaofortaleza.com.br\/index.php\/wp-json\/wp\/v2\/posts\/3851\/revisions\/3853"}],"wp:featuredmedia":[{"embeddable":true,"href":"http:\/\/viacaofortaleza.com.br\/index.php\/wp-json\/wp\/v2\/media\/3852"}],"wp:attachment":[{"href":"http:\/\/viacaofortaleza.com.br\/index.php\/wp-json\/wp\/v2\/media?parent=3851"}],"wp:term":[{"taxonomy":"category","embeddable":true,"href":"http:\/\/viacaofortaleza.com.br\/index.php\/wp-json\/wp\/v2\/categories?post=3851"},{"taxonomy":"post_tag","embeddable":true,"href":"http:\/\/viacaofortaleza.com.br\/index.php\/wp-json\/wp\/v2\/tags?post=3851"}],"curies":[{"name":"wp","href":"https:\/\/api.w.org\/{rel}","templated":true}]}}