{"id":3881,"date":"2019-05-22T14:37:15","date_gmt":"2019-05-22T17:37:15","guid":{"rendered":"http:\/\/viacaofortaleza.com.br\/?p=3881"},"modified":"2019-05-22T14:37:15","modified_gmt":"2019-05-22T17:37:15","slug":"67-anos-viacao-fortaleza","status":"publish","type":"post","link":"http:\/\/viacaofortaleza.com.br\/index.php\/2019\/05\/22\/67-anos-viacao-fortaleza\/","title":{"rendered":"67 anos &#8211; Via\u00e7\u00e3o Fortaleza"},"content":{"rendered":"<p><img class=\"emojioneemoji\" src=\"https:\/\/cdn.jsdelivr.net\/emojione\/assets\/4.0\/png\/32\/1f44f.png\" alt=\"?\"><img class=\"emojioneemoji\" src=\"https:\/\/cdn.jsdelivr.net\/emojione\/assets\/4.0\/png\/32\/1f60d.png\" alt=\"?\"><img class=\"emojioneemoji\" src=\"https:\/\/cdn.jsdelivr.net\/emojione\/assets\/4.0\/png\/32\/1f31f.png\" alt=\"?\">Comemoramos, no dia 18\/05, os 67 anos da exist\u00eancia da Auto Via\u00e7\u00e3o Fortaleza, uma data que merece ser lembrada, pois representa um trabalho embasado em uma miss\u00e3o compartilhada e valores s\u00f3lidos.&nbsp;Celebramos a constru\u00e7\u00e3o de uma hist\u00f3ria que mant\u00e9m os maiores ensinamentos que nossos fundadores nos repassaram: o amor pelo que fazemos, a responsabilidade com o pr\u00f3ximo, a dedica\u00e7\u00e3o ao trabalho, a transpar\u00eancia, a educa\u00e7\u00e3o e o respeito em nossas rela\u00e7\u00f5es.<\/p>\n<div>\n<div>&nbsp;<\/div>\n<p>Para tornarmos esta data ainda mais especial, preparamos um dia cheio de a\u00e7\u00f5es voltadas aos nossos colaboradores e seus familiares, expandindo nosso reconhecimento e gratid\u00e3o \u00e0queles que fazem parte da hist\u00f3ria da Via\u00e7\u00e3o Fortaleza. Aproveitamos a data para homenagear um representante de cada \u00e1rea, com os maiores tempos de dedica\u00e7\u00e3o \u00e0 empresa: Motorista Nogueira, 41 anos; Lanterneiro Jorge M\u00e1rio, 38 anos; Encarregado de Pessoal Marcos Cavalcante, 37 anos e Cobrador Ferreira, 34 anos.<\/p>\n<div>&nbsp;<\/div>\n<p>Nossos mais sinceros agradecimentos \u00e0 todos que vieram comemorar essa data conosco, e aos nossos parceiros, Odonto System, Serlares, \u00d3ticas Vasconcelos, MT Cruz Eventos, Senac Centro, Fisioterapeuta Rachel Coelho, Animadores: Carlos Henrique e Eliezer Cust\u00f3dio, Educador F\u00edsico: Klauton Freitas e as Enfermeiras: Maria Solange, Jana\u00edna Assun\u00e7\u00e3o e Fl\u00e1via Ferreira.<\/p>\n<div>&nbsp;<\/div>\n<p>Entendendo a import\u00e2ncia do exerc\u00edcio da cidadania, acreditamos ter proporcionado um dia de muita alegria, amor, responsabilidade e coopera\u00e7\u00e3o!<\/p>\n<div>&nbsp;<\/div>\n<p>Via\u00e7\u00e3o Fortaleza<\/p>\n<div>&nbsp;<\/div>\n<p>H\u00e1 67 anos, a nossa Fortaleza de todos os dias!<\/p>\n<div>&nbsp;<\/div>\n<\/div>\n<div>&nbsp;<\/div>\n<div>#67anos #via\u00e7\u00e3ofortaleza #anivers\u00e1rio #fam\u00edlia #hist\u00f3ria&nbsp;<\/div>\n","protected":false},"excerpt":{"rendered":"<p>Comemoramos, no dia 18\/05, os 67 anos da exist\u00eancia da Auto Via\u00e7\u00e3o Fortaleza, uma data que merece ser lembrada, pois representa um trabalho embasado em uma miss\u00e3o compartilhada e valores s\u00f3lidos.&nbsp;Celebramos a constru\u00e7\u00e3o de uma hist\u00f3ria que mant\u00e9m os maiores ensinamentos que nossos fundadores nos repassaram: o amor pelo que fazemos, a responsabilidade com o&hellip; <br \/> <a class=\"read-more\" href=\"http:\/\/viacaofortaleza.com.br\/index.php\/2019\/05\/22\/67-anos-viacao-fortaleza\/\">Leia mais<\/a><\/p>\n","protected":false},"author":1,"featured_media":3882,"comment_status":"open","ping_status":"open","sticky":false,"template":"","format":"standard","meta":{"_mi_skip_tracking":false,"_monsterinsights_sitenote_active":false,"_monsterinsights_sitenote_note":"","_monsterinsights_sitenote_category":0,"ngg_post_thumbnail":0},"categories":[3,1],"tags":[344],"_links":{"self":[{"href":"http:\/\/viacaofortaleza.com.br\/index.php\/wp-json\/wp\/v2\/posts\/3881"}],"collection":[{"href":"http:\/\/viacaofortaleza.com.br\/index.php\/wp-json\/wp\/v2\/posts"}],"about":[{"href":"http:\/\/viacaofortaleza.com.br\/index.php\/wp-json\/wp\/v2\/types\/post"}],"author":[{"embeddable":true,"href":"http:\/\/viacaofortaleza.com.br\/index.php\/wp-json\/wp\/v2\/users\/1"}],"replies":[{"embeddable":true,"href":"http:\/\/viacaofortaleza.com.br\/index.php\/wp-json\/wp\/v2\/comments?post=3881"}],"version-history":[{"count":1,"href":"http:\/\/viacaofortaleza.com.br\/index.php\/wp-json\/wp\/v2\/posts\/3881\/revisions"}],"predecessor-version":[{"id":3883,"href":"http:\/\/viacaofortaleza.com.br\/index.php\/wp-json\/wp\/v2\/posts\/3881\/revisions\/3883"}],"wp:featuredmedia":[{"embeddable":true,"href":"http:\/\/viacaofortaleza.com.br\/index.php\/wp-json\/wp\/v2\/media\/3882"}],"wp:attachment":[{"href":"http:\/\/viacaofortaleza.com.br\/index.php\/wp-json\/wp\/v2\/media?parent=3881"}],"wp:term":[{"taxonomy":"category","embeddable":true,"href":"http:\/\/viacaofortaleza.com.br\/index.php\/wp-json\/wp\/v2\/categories?post=3881"},{"taxonomy":"post_tag","embeddable":true,"href":"http:\/\/viacaofortaleza.com.br\/index.php\/wp-json\/wp\/v2\/tags?post=3881"}],"curies":[{"name":"wp","href":"https:\/\/api.w.org\/{rel}","templated":true}]}}