{"id":3888,"date":"2019-05-23T16:53:17","date_gmt":"2019-05-23T19:53:17","guid":{"rendered":"http:\/\/viacaofortaleza.com.br\/?p=3888"},"modified":"2019-05-23T16:53:17","modified_gmt":"2019-05-23T19:53:17","slug":"programa-de-capacitacao-de-motoristas","status":"publish","type":"post","link":"http:\/\/viacaofortaleza.com.br\/index.php\/2019\/05\/23\/programa-de-capacitacao-de-motoristas\/","title":{"rendered":"Programa de Capacita\u00e7\u00e3o de Motoristas"},"content":{"rendered":"<div>Formamos mais duas turmas no&nbsp;Programa de Capacita\u00e7\u00e3o de Motoristas. Nossos condutores participaram da&nbsp;reciclagem do m\u00f3dulo de combate a inc\u00eandio com teoria e atividade pr\u00e1tica.<\/div>\n<div>\n<div>&nbsp;<\/div>\n<div>&nbsp;<\/div>\n<p>Via\u00e7\u00e3o Fortaleza<br \/>\nH\u00e1 67 anos, a nossa Fortaleza de todos os dias.<\/p>\n<div>&nbsp;<\/div>\n<\/div>\n<div>&nbsp;<\/div>\n<div>#combateainc\u00eandio #seguran\u00e7a #reciclagem<\/div>\n","protected":false},"excerpt":{"rendered":"<p>Formamos mais duas turmas no&nbsp;Programa de Capacita\u00e7\u00e3o de Motoristas. Nossos condutores participaram da&nbsp;reciclagem do m\u00f3dulo de combate a inc\u00eandio com teoria e atividade pr\u00e1tica. &nbsp; &nbsp; Via\u00e7\u00e3o Fortaleza H\u00e1 67 anos, a nossa Fortaleza de todos os dias. &nbsp; &nbsp; #combateainc\u00eandio #seguran\u00e7a #reciclagem<\/p>\n","protected":false},"author":1,"featured_media":3889,"comment_status":"open","ping_status":"open","sticky":false,"template":"","format":"standard","meta":{"_mi_skip_tracking":false,"_monsterinsights_sitenote_active":false,"_monsterinsights_sitenote_note":"","_monsterinsights_sitenote_category":0,"ngg_post_thumbnail":0},"categories":[136],"tags":[345],"_links":{"self":[{"href":"http:\/\/viacaofortaleza.com.br\/index.php\/wp-json\/wp\/v2\/posts\/3888"}],"collection":[{"href":"http:\/\/viacaofortaleza.com.br\/index.php\/wp-json\/wp\/v2\/posts"}],"about":[{"href":"http:\/\/viacaofortaleza.com.br\/index.php\/wp-json\/wp\/v2\/types\/post"}],"author":[{"embeddable":true,"href":"http:\/\/viacaofortaleza.com.br\/index.php\/wp-json\/wp\/v2\/users\/1"}],"replies":[{"embeddable":true,"href":"http:\/\/viacaofortaleza.com.br\/index.php\/wp-json\/wp\/v2\/comments?post=3888"}],"version-history":[{"count":1,"href":"http:\/\/viacaofortaleza.com.br\/index.php\/wp-json\/wp\/v2\/posts\/3888\/revisions"}],"predecessor-version":[{"id":3890,"href":"http:\/\/viacaofortaleza.com.br\/index.php\/wp-json\/wp\/v2\/posts\/3888\/revisions\/3890"}],"wp:featuredmedia":[{"embeddable":true,"href":"http:\/\/viacaofortaleza.com.br\/index.php\/wp-json\/wp\/v2\/media\/3889"}],"wp:attachment":[{"href":"http:\/\/viacaofortaleza.com.br\/index.php\/wp-json\/wp\/v2\/media?parent=3888"}],"wp:term":[{"taxonomy":"category","embeddable":true,"href":"http:\/\/viacaofortaleza.com.br\/index.php\/wp-json\/wp\/v2\/categories?post=3888"},{"taxonomy":"post_tag","embeddable":true,"href":"http:\/\/viacaofortaleza.com.br\/index.php\/wp-json\/wp\/v2\/tags?post=3888"}],"curies":[{"name":"wp","href":"https:\/\/api.w.org\/{rel}","templated":true}]}}