{"id":3915,"date":"2019-05-29T16:30:56","date_gmt":"2019-05-29T19:30:56","guid":{"rendered":"http:\/\/viacaofortaleza.com.br\/?p=3915"},"modified":"2019-05-29T15:38:55","modified_gmt":"2019-05-29T18:38:55","slug":"programa-de-capacitacao-de-motoristas-2","status":"publish","type":"post","link":"http:\/\/viacaofortaleza.com.br\/index.php\/2019\/05\/29\/programa-de-capacitacao-de-motoristas-2\/","title":{"rendered":"Programa de Capacita\u00e7\u00e3o de Motoristas"},"content":{"rendered":"<p>Nossos treinamentos de reciclagem do Programa de Capacita\u00e7\u00e3o de Motoristas, m\u00f3dulo de combate a inc\u00eandio, continuam a todo o vapor, com mais duas turmas formadas e aptas no combate ao fogo.<\/p>\n<div>&nbsp;<\/div>\n<p>Via\u00e7\u00e3o Fortaleza<\/p>\n<p>H\u00e1 67 anos, a nossa Fortaleza de todos os dias.<\/p>\n<div>&nbsp;<\/div>\n<div>&nbsp;<\/div>\n<p>#combateainc\u00eandio #seguran\u00e7a #reciclagem<\/p>\n","protected":false},"excerpt":{"rendered":"<p>Nossos treinamentos de reciclagem do Programa de Capacita\u00e7\u00e3o de Motoristas, m\u00f3dulo de combate a inc\u00eandio, continuam a todo o vapor, com mais duas turmas formadas e aptas no combate ao fogo. &nbsp; Via\u00e7\u00e3o Fortaleza H\u00e1 67 anos, a nossa Fortaleza de todos os dias. &nbsp; &nbsp; #combateainc\u00eandio #seguran\u00e7a #reciclagem<\/p>\n","protected":false},"author":1,"featured_media":3917,"comment_status":"open","ping_status":"open","sticky":false,"template":"","format":"standard","meta":{"_mi_skip_tracking":false,"_monsterinsights_sitenote_active":false,"_monsterinsights_sitenote_note":"","_monsterinsights_sitenote_category":0,"ngg_post_thumbnail":0},"categories":[136],"tags":[230,345],"_links":{"self":[{"href":"http:\/\/viacaofortaleza.com.br\/index.php\/wp-json\/wp\/v2\/posts\/3915"}],"collection":[{"href":"http:\/\/viacaofortaleza.com.br\/index.php\/wp-json\/wp\/v2\/posts"}],"about":[{"href":"http:\/\/viacaofortaleza.com.br\/index.php\/wp-json\/wp\/v2\/types\/post"}],"author":[{"embeddable":true,"href":"http:\/\/viacaofortaleza.com.br\/index.php\/wp-json\/wp\/v2\/users\/1"}],"replies":[{"embeddable":true,"href":"http:\/\/viacaofortaleza.com.br\/index.php\/wp-json\/wp\/v2\/comments?post=3915"}],"version-history":[{"count":1,"href":"http:\/\/viacaofortaleza.com.br\/index.php\/wp-json\/wp\/v2\/posts\/3915\/revisions"}],"predecessor-version":[{"id":3918,"href":"http:\/\/viacaofortaleza.com.br\/index.php\/wp-json\/wp\/v2\/posts\/3915\/revisions\/3918"}],"wp:featuredmedia":[{"embeddable":true,"href":"http:\/\/viacaofortaleza.com.br\/index.php\/wp-json\/wp\/v2\/media\/3917"}],"wp:attachment":[{"href":"http:\/\/viacaofortaleza.com.br\/index.php\/wp-json\/wp\/v2\/media?parent=3915"}],"wp:term":[{"taxonomy":"category","embeddable":true,"href":"http:\/\/viacaofortaleza.com.br\/index.php\/wp-json\/wp\/v2\/categories?post=3915"},{"taxonomy":"post_tag","embeddable":true,"href":"http:\/\/viacaofortaleza.com.br\/index.php\/wp-json\/wp\/v2\/tags?post=3915"}],"curies":[{"name":"wp","href":"https:\/\/api.w.org\/{rel}","templated":true}]}}