{"id":3929,"date":"2019-06-03T08:00:33","date_gmt":"2019-06-03T11:00:33","guid":{"rendered":"http:\/\/viacaofortaleza.com.br\/?p=3929"},"modified":"2019-05-31T13:43:13","modified_gmt":"2019-05-31T16:43:13","slug":"dia-do-profissional-de-rh-e-dp-2","status":"publish","type":"post","link":"http:\/\/viacaofortaleza.com.br\/index.php\/2019\/06\/03\/dia-do-profissional-de-rh-e-dp-2\/","title":{"rendered":"Dia do Profissional de RH e DP"},"content":{"rendered":"<p><span style=\"color: #555555; font-family: Arial, 'Helvetica Neue', Helvetica, sans-serif; font-size: 14px; background-color: #ffffff;\">03 de junho &#8211;&nbsp;<\/span><span style=\"color: #555555; font-family: Arial, 'Helvetica Neue', Helvetica, sans-serif; font-size: 14px; background-color: #ffffff;\">Dia do Profissional de RH e DP<\/span><\/p>\n<div style=\"color: #555555; font-family: Arial, 'Helvetica Neue', Helvetica, sans-serif; font-size: 14px; background-color: #ffffff;\">&nbsp;<\/div>\n<div style=\"color: #555555; font-family: Arial, 'Helvetica Neue', Helvetica, sans-serif; font-size: 14px; background-color: #ffffff;\">&nbsp;<\/div>\n<div style=\"color: #555555; font-family: Arial, 'Helvetica Neue', Helvetica, sans-serif; font-size: 14px; background-color: #ffffff;\">Hoje \u00e9 dia de parabenizar os profissionais que estimulam o&nbsp;MELHOR de todos n\u00f3s e que administram com efici\u00eancia nossa MAIOR RIQUEZA: o ser humano.<\/p>\n<div>&nbsp;<\/div>\n<p>Parabenizamos em especial os nossos profissionais de RH e DP, Izabel Bandeira, Mal\u00fa Benevides, Deyse Barros, Luana Lima, Marcos Cavalcante,&nbsp;M\u00e1rcia Moreira, Cintia Calixto, B\u00e1rbara Ribeiro e Karolayne Alves.<\/p>\n<div>&nbsp;<\/div>\n<div>#rh #dp #maioriqueza&nbsp;<\/div>\n<\/div>\n","protected":false},"excerpt":{"rendered":"<p>03 de junho &#8211;&nbsp;Dia do Profissional de RH e DP &nbsp; &nbsp; Hoje \u00e9 dia de parabenizar os profissionais que estimulam o&nbsp;MELHOR de todos n\u00f3s e que administram com efici\u00eancia nossa MAIOR RIQUEZA: o ser humano. &nbsp; Parabenizamos em especial os nossos profissionais de RH e DP, Izabel Bandeira, Mal\u00fa Benevides, Deyse Barros, Luana Lima,&hellip; <br \/> <a class=\"read-more\" href=\"http:\/\/viacaofortaleza.com.br\/index.php\/2019\/06\/03\/dia-do-profissional-de-rh-e-dp-2\/\">Leia mais<\/a><\/p>\n","protected":false},"author":1,"featured_media":3930,"comment_status":"open","ping_status":"open","sticky":false,"template":"","format":"standard","meta":{"_mi_skip_tracking":false,"_monsterinsights_sitenote_active":false,"_monsterinsights_sitenote_note":"","_monsterinsights_sitenote_category":0,"ngg_post_thumbnail":0},"categories":[3],"tags":[351],"_links":{"self":[{"href":"http:\/\/viacaofortaleza.com.br\/index.php\/wp-json\/wp\/v2\/posts\/3929"}],"collection":[{"href":"http:\/\/viacaofortaleza.com.br\/index.php\/wp-json\/wp\/v2\/posts"}],"about":[{"href":"http:\/\/viacaofortaleza.com.br\/index.php\/wp-json\/wp\/v2\/types\/post"}],"author":[{"embeddable":true,"href":"http:\/\/viacaofortaleza.com.br\/index.php\/wp-json\/wp\/v2\/users\/1"}],"replies":[{"embeddable":true,"href":"http:\/\/viacaofortaleza.com.br\/index.php\/wp-json\/wp\/v2\/comments?post=3929"}],"version-history":[{"count":1,"href":"http:\/\/viacaofortaleza.com.br\/index.php\/wp-json\/wp\/v2\/posts\/3929\/revisions"}],"predecessor-version":[{"id":3931,"href":"http:\/\/viacaofortaleza.com.br\/index.php\/wp-json\/wp\/v2\/posts\/3929\/revisions\/3931"}],"wp:featuredmedia":[{"embeddable":true,"href":"http:\/\/viacaofortaleza.com.br\/index.php\/wp-json\/wp\/v2\/media\/3930"}],"wp:attachment":[{"href":"http:\/\/viacaofortaleza.com.br\/index.php\/wp-json\/wp\/v2\/media?parent=3929"}],"wp:term":[{"taxonomy":"category","embeddable":true,"href":"http:\/\/viacaofortaleza.com.br\/index.php\/wp-json\/wp\/v2\/categories?post=3929"},{"taxonomy":"post_tag","embeddable":true,"href":"http:\/\/viacaofortaleza.com.br\/index.php\/wp-json\/wp\/v2\/tags?post=3929"}],"curies":[{"name":"wp","href":"https:\/\/api.w.org\/{rel}","templated":true}]}}