{"id":4051,"date":"2019-06-11T09:49:02","date_gmt":"2019-06-11T12:49:02","guid":{"rendered":"http:\/\/viacaofortaleza.com.br\/?p=4051"},"modified":"2019-06-11T09:49:02","modified_gmt":"2019-06-11T12:49:02","slug":"curso-coletivo-de-passageiros","status":"publish","type":"post","link":"http:\/\/viacaofortaleza.com.br\/index.php\/2019\/06\/11\/curso-coletivo-de-passageiros\/","title":{"rendered":"Curso Coletivo de Passageiros"},"content":{"rendered":"<p>Em parceria com o Sest Senat, recebemos nossos condutores de vidas para a realiza\u00e7\u00e3o do Curso Especializado para Condutores de Ve\u00edculos de Transporte Coletivo de Passageiros, ministrado pelos monitores Jamison e Lindomar.<\/p>\n<p>Foram 10 dias de qualifica\u00e7\u00e3o para os condutores, abrangendo os m\u00f3dulos: legisla\u00e7\u00e3o de tr\u00e2nsito, dire\u00e7\u00e3o defensiva, no\u00e7\u00f5es de primeiros socorros, respeito ao meio ambiente, conv\u00edvio social e relacionamento interpessoal.<\/p>\n<p>Agradecemos ao Sest Senat pela parceria e aos nossos colaboradores por sempre buscarem melhorias profissionais e pessoais participando dos nossos cursos e treinamentos.<\/p>\n<div>&nbsp;<\/div>\n<p>Via\u00e7\u00e3o Fortaleza<\/p>\n<p>H\u00e1 67 anos, construindo a nossa Fortaleza de todos os dias.<\/p>\n<p>#curso #coletivodepassageiros #sestsenat #qualifica\u00e7\u00e3o<\/p>\n","protected":false},"excerpt":{"rendered":"<p>Em parceria com o Sest Senat, recebemos nossos condutores de vidas para a realiza\u00e7\u00e3o do Curso Especializado para Condutores de Ve\u00edculos de Transporte Coletivo de Passageiros, ministrado pelos monitores Jamison e Lindomar. Foram 10 dias de qualifica\u00e7\u00e3o para os condutores, abrangendo os m\u00f3dulos: legisla\u00e7\u00e3o de tr\u00e2nsito, dire\u00e7\u00e3o defensiva, no\u00e7\u00f5es de primeiros socorros, respeito ao meio&hellip; <br \/> <a class=\"read-more\" href=\"http:\/\/viacaofortaleza.com.br\/index.php\/2019\/06\/11\/curso-coletivo-de-passageiros\/\">Leia mais<\/a><\/p>\n","protected":false},"author":1,"featured_media":4052,"comment_status":"open","ping_status":"open","sticky":false,"template":"","format":"standard","meta":{"_mi_skip_tracking":false,"_monsterinsights_sitenote_active":false,"_monsterinsights_sitenote_note":"","_monsterinsights_sitenote_category":0,"ngg_post_thumbnail":0},"categories":[136],"tags":[373],"_links":{"self":[{"href":"http:\/\/viacaofortaleza.com.br\/index.php\/wp-json\/wp\/v2\/posts\/4051"}],"collection":[{"href":"http:\/\/viacaofortaleza.com.br\/index.php\/wp-json\/wp\/v2\/posts"}],"about":[{"href":"http:\/\/viacaofortaleza.com.br\/index.php\/wp-json\/wp\/v2\/types\/post"}],"author":[{"embeddable":true,"href":"http:\/\/viacaofortaleza.com.br\/index.php\/wp-json\/wp\/v2\/users\/1"}],"replies":[{"embeddable":true,"href":"http:\/\/viacaofortaleza.com.br\/index.php\/wp-json\/wp\/v2\/comments?post=4051"}],"version-history":[{"count":1,"href":"http:\/\/viacaofortaleza.com.br\/index.php\/wp-json\/wp\/v2\/posts\/4051\/revisions"}],"predecessor-version":[{"id":4053,"href":"http:\/\/viacaofortaleza.com.br\/index.php\/wp-json\/wp\/v2\/posts\/4051\/revisions\/4053"}],"wp:featuredmedia":[{"embeddable":true,"href":"http:\/\/viacaofortaleza.com.br\/index.php\/wp-json\/wp\/v2\/media\/4052"}],"wp:attachment":[{"href":"http:\/\/viacaofortaleza.com.br\/index.php\/wp-json\/wp\/v2\/media?parent=4051"}],"wp:term":[{"taxonomy":"category","embeddable":true,"href":"http:\/\/viacaofortaleza.com.br\/index.php\/wp-json\/wp\/v2\/categories?post=4051"},{"taxonomy":"post_tag","embeddable":true,"href":"http:\/\/viacaofortaleza.com.br\/index.php\/wp-json\/wp\/v2\/tags?post=4051"}],"curies":[{"name":"wp","href":"https:\/\/api.w.org\/{rel}","templated":true}]}}