{"id":4091,"date":"2019-06-20T11:00:13","date_gmt":"2019-06-20T14:00:13","guid":{"rendered":"http:\/\/viacaofortaleza.com.br\/?p=4091"},"modified":"2019-06-13T10:25:04","modified_gmt":"2019-06-13T13:25:04","slug":"dia-nacional-do-vigilante","status":"publish","type":"post","link":"http:\/\/viacaofortaleza.com.br\/index.php\/2019\/06\/20\/dia-nacional-do-vigilante\/","title":{"rendered":"Dia Nacional do Vigilante"},"content":{"rendered":"<p><span style=\"color: #555555; font-family: Arial, 'Helvetica Neue', Helvetica, sans-serif; font-size: 14px; background-color: #ffffff;\">Vigilantes, parab\u00e9ns pelo seu dia!<\/span><\/p>\n<p><span style=\"color: #555555; font-family: Arial, 'Helvetica Neue', Helvetica, sans-serif; font-size: 14px; background-color: #ffffff;\">Nossa gratid\u00e3o \u00e0 voc\u00eas, Claudemir, Jos\u00e9 Felix, Ozenildo, Roseano,&nbsp;<\/span><span style=\"color: #555555; font-family: Arial, 'Helvetica Neue', Helvetica, sans-serif; font-size: 14px; background-color: #ffffff;\">Evangelista, Carlos Pedro e Pedro S\u00e1tiro, que promovem com empenho, dedica\u00e7\u00e3o&nbsp;<\/span><span style=\"color: #555555; font-family: Arial, 'Helvetica Neue', Helvetica, sans-serif; font-size: 14px; background-color: #ffffff;\">e comprometimento, a seguran\u00e7a e o bem estar de todos os nossos&nbsp;<\/span><span style=\"color: #555555; font-family: Arial, 'Helvetica Neue', Helvetica, sans-serif; font-size: 14px; background-color: #ffffff;\">colaboradores e da nossa Via\u00e7\u00e3o Fortaleza.<\/span><\/p>\n<p><span style=\"color: #555555; font-family: Arial, 'Helvetica Neue', Helvetica, sans-serif; font-size: 14px; background-color: #ffffff;\">20 de junho &#8211; Dia Nacional do Vigilante<\/span><\/p>\n<p><span style=\"color: #555555; font-family: Arial, 'Helvetica Neue', Helvetica, sans-serif; font-size: 14px; background-color: #ffffff;\">#vigilante #seguran\u00e7a #via\u00e7\u00e3ofortaleza<\/span><\/p>\n","protected":false},"excerpt":{"rendered":"<p>Vigilantes, parab\u00e9ns pelo seu dia! Nossa gratid\u00e3o \u00e0 voc\u00eas, Claudemir, Jos\u00e9 Felix, Ozenildo, Roseano,&nbsp;Evangelista, Carlos Pedro e Pedro S\u00e1tiro, que promovem com empenho, dedica\u00e7\u00e3o&nbsp;e comprometimento, a seguran\u00e7a e o bem estar de todos os nossos&nbsp;colaboradores e da nossa Via\u00e7\u00e3o Fortaleza. 20 de junho &#8211; Dia Nacional do Vigilante #vigilante #seguran\u00e7a #via\u00e7\u00e3ofortaleza<\/p>\n","protected":false},"author":1,"featured_media":4092,"comment_status":"open","ping_status":"open","sticky":false,"template":"","format":"standard","meta":{"_mi_skip_tracking":false,"_monsterinsights_sitenote_active":false,"_monsterinsights_sitenote_note":"","_monsterinsights_sitenote_category":0,"ngg_post_thumbnail":0},"categories":[3],"tags":[377],"_links":{"self":[{"href":"http:\/\/viacaofortaleza.com.br\/index.php\/wp-json\/wp\/v2\/posts\/4091"}],"collection":[{"href":"http:\/\/viacaofortaleza.com.br\/index.php\/wp-json\/wp\/v2\/posts"}],"about":[{"href":"http:\/\/viacaofortaleza.com.br\/index.php\/wp-json\/wp\/v2\/types\/post"}],"author":[{"embeddable":true,"href":"http:\/\/viacaofortaleza.com.br\/index.php\/wp-json\/wp\/v2\/users\/1"}],"replies":[{"embeddable":true,"href":"http:\/\/viacaofortaleza.com.br\/index.php\/wp-json\/wp\/v2\/comments?post=4091"}],"version-history":[{"count":1,"href":"http:\/\/viacaofortaleza.com.br\/index.php\/wp-json\/wp\/v2\/posts\/4091\/revisions"}],"predecessor-version":[{"id":4093,"href":"http:\/\/viacaofortaleza.com.br\/index.php\/wp-json\/wp\/v2\/posts\/4091\/revisions\/4093"}],"wp:featuredmedia":[{"embeddable":true,"href":"http:\/\/viacaofortaleza.com.br\/index.php\/wp-json\/wp\/v2\/media\/4092"}],"wp:attachment":[{"href":"http:\/\/viacaofortaleza.com.br\/index.php\/wp-json\/wp\/v2\/media?parent=4091"}],"wp:term":[{"taxonomy":"category","embeddable":true,"href":"http:\/\/viacaofortaleza.com.br\/index.php\/wp-json\/wp\/v2\/categories?post=4091"},{"taxonomy":"post_tag","embeddable":true,"href":"http:\/\/viacaofortaleza.com.br\/index.php\/wp-json\/wp\/v2\/tags?post=4091"}],"curies":[{"name":"wp","href":"https:\/\/api.w.org\/{rel}","templated":true}]}}