{"id":4206,"date":"2019-06-18T16:10:00","date_gmt":"2019-06-18T19:10:00","guid":{"rendered":"http:\/\/viacaofortaleza.com.br\/?p=4206"},"modified":"2019-06-18T16:10:00","modified_gmt":"2019-06-18T19:10:00","slug":"programa-de-capacitacao-de-motoristas-treinamento-combate-a-incendio","status":"publish","type":"post","link":"http:\/\/viacaofortaleza.com.br\/index.php\/2019\/06\/18\/programa-de-capacitacao-de-motoristas-treinamento-combate-a-incendio\/","title":{"rendered":"Programa de Capacita\u00e7\u00e3o de Motoristas &#8211; Treinamento Combate a Inc\u00eandio"},"content":{"rendered":"<p><span style=\"color: #555555; font-family: Arial, 'Helvetica Neue', Helvetica, sans-serif; font-size: 14px; background-color: #ffffff;\">Continuamos com nossos treinamentos de reciclagem do Programa de Capacita\u00e7\u00e3o de Motoristas, m\u00f3dulo de combate a inc\u00eandio, mais duas turmas est\u00e3o formadas e aptas no combate ao fogo.<\/span><\/p>\n<div style=\"color: #555555; font-family: Arial, 'Helvetica Neue', Helvetica, sans-serif; font-size: 14px; background-color: #ffffff;\">&nbsp;<\/div>\n<div style=\"color: #555555; font-family: Arial, 'Helvetica Neue', Helvetica, sans-serif; font-size: 14px; background-color: #ffffff;\">&nbsp;<\/div>\n<p><span style=\"color: #555555; font-family: Arial, 'Helvetica Neue', Helvetica, sans-serif; font-size: 14px; background-color: #ffffff;\">Via\u00e7\u00e3o Fortaleza &#8211;&nbsp;<\/span><span style=\"color: #555555; font-family: Arial, 'Helvetica Neue', Helvetica, sans-serif; font-size: 14px; background-color: #ffffff;\">H\u00e1 67 anos, construindo a nossa Fortaleza de todos os dias.<\/span><\/p>\n<div style=\"color: #555555; font-family: Arial, 'Helvetica Neue', Helvetica, sans-serif; font-size: 14px; background-color: #ffffff;\">&nbsp;<\/div>\n<div style=\"color: #555555; font-family: Arial, 'Helvetica Neue', Helvetica, sans-serif; font-size: 14px; background-color: #ffffff;\">&nbsp;<\/div>\n<p><span style=\"color: #555555; font-family: Arial, 'Helvetica Neue', Helvetica, sans-serif; font-size: 14px; background-color: #ffffff;\">\u2800<\/span><\/p>\n<div style=\"color: #555555; font-family: Arial, 'Helvetica Neue', Helvetica, sans-serif; font-size: 14px; background-color: #ffffff;\">&nbsp;<\/div>\n<p><span style=\"color: #555555; font-family: Arial, 'Helvetica Neue', Helvetica, sans-serif; font-size: 14px; background-color: #ffffff;\">#combateainc\u00eandio #seguran\u00e7a #reciclagem<\/span><\/p>\n","protected":false},"excerpt":{"rendered":"<p>Continuamos com nossos treinamentos de reciclagem do Programa de Capacita\u00e7\u00e3o de Motoristas, m\u00f3dulo de combate a inc\u00eandio, mais duas turmas est\u00e3o formadas e aptas no combate ao fogo. &nbsp; &nbsp; Via\u00e7\u00e3o Fortaleza &#8211;&nbsp;H\u00e1 67 anos, construindo a nossa Fortaleza de todos os dias. &nbsp; &nbsp; \u2800 &nbsp; #combateainc\u00eandio #seguran\u00e7a #reciclagem<\/p>\n","protected":false},"author":1,"featured_media":4207,"comment_status":"open","ping_status":"open","sticky":false,"template":"","format":"standard","meta":{"_mi_skip_tracking":false,"_monsterinsights_sitenote_active":false,"_monsterinsights_sitenote_note":"","_monsterinsights_sitenote_category":0,"ngg_post_thumbnail":0},"categories":[136],"tags":[384],"_links":{"self":[{"href":"http:\/\/viacaofortaleza.com.br\/index.php\/wp-json\/wp\/v2\/posts\/4206"}],"collection":[{"href":"http:\/\/viacaofortaleza.com.br\/index.php\/wp-json\/wp\/v2\/posts"}],"about":[{"href":"http:\/\/viacaofortaleza.com.br\/index.php\/wp-json\/wp\/v2\/types\/post"}],"author":[{"embeddable":true,"href":"http:\/\/viacaofortaleza.com.br\/index.php\/wp-json\/wp\/v2\/users\/1"}],"replies":[{"embeddable":true,"href":"http:\/\/viacaofortaleza.com.br\/index.php\/wp-json\/wp\/v2\/comments?post=4206"}],"version-history":[{"count":1,"href":"http:\/\/viacaofortaleza.com.br\/index.php\/wp-json\/wp\/v2\/posts\/4206\/revisions"}],"predecessor-version":[{"id":4208,"href":"http:\/\/viacaofortaleza.com.br\/index.php\/wp-json\/wp\/v2\/posts\/4206\/revisions\/4208"}],"wp:featuredmedia":[{"embeddable":true,"href":"http:\/\/viacaofortaleza.com.br\/index.php\/wp-json\/wp\/v2\/media\/4207"}],"wp:attachment":[{"href":"http:\/\/viacaofortaleza.com.br\/index.php\/wp-json\/wp\/v2\/media?parent=4206"}],"wp:term":[{"taxonomy":"category","embeddable":true,"href":"http:\/\/viacaofortaleza.com.br\/index.php\/wp-json\/wp\/v2\/categories?post=4206"},{"taxonomy":"post_tag","embeddable":true,"href":"http:\/\/viacaofortaleza.com.br\/index.php\/wp-json\/wp\/v2\/tags?post=4206"}],"curies":[{"name":"wp","href":"https:\/\/api.w.org\/{rel}","templated":true}]}}