{"id":4210,"date":"2019-06-19T13:49:44","date_gmt":"2019-06-19T16:49:44","guid":{"rendered":"http:\/\/viacaofortaleza.com.br\/?p=4210"},"modified":"2019-06-19T13:49:44","modified_gmt":"2019-06-19T16:49:44","slug":"ciclo-de-treinamentos-de-capacitacao-manutencao","status":"publish","type":"post","link":"http:\/\/viacaofortaleza.com.br\/index.php\/2019\/06\/19\/ciclo-de-treinamentos-de-capacitacao-manutencao\/","title":{"rendered":"Ciclo de Treinamentos de Capacita\u00e7\u00e3o &#8211; Manuten\u00e7\u00e3o"},"content":{"rendered":"<p><span style=\"color: #555555; font-family: Arial, 'Helvetica Neue', Helvetica, sans-serif; font-size: 14px; background-color: #ffffff;\">Nesse m\u00eas de junho iniciamos um Ciclo de Treinamentos de Capacita\u00e7\u00e3o para funcion\u00e1rios da manuten\u00e7\u00e3o e colaboradores interessados na \u00e1rea. Onde inauguramos uma nova sala de treinamentos, dentro da manuten\u00e7\u00e3o, para qualificar melhor a sua equipe.<\/span><\/p>\n<p><span style=\"color: #555555; font-family: Arial, 'Helvetica Neue', Helvetica, sans-serif; font-size: 14px; background-color: #ffffff;\">Nossos primeiros treinamentos foram focados nos conte\u00fados de Sistema El\u00e9trico de Elevadores, ministrado pelo nosso montador el\u00e9trico, Jos\u00e9 Bessa e, Sistema de Freios, ministrado pelo consultor Cleidstone, do grupo Randon, representante Fras-le.<\/span><\/p>\n<p><span style=\"color: #555555; font-family: Arial, 'Helvetica Neue', Helvetica, sans-serif; font-size: 14px; background-color: #ffffff;\">Agradecemos aos nossos parceiros pelo apoio e aos nossos colaboradores pela participa\u00e7\u00e3o, buscando sempre melhorias e capacita\u00e7\u00e3o profissional, colocando em pr\u00e1tica nosso valor de aprendizado continuado.<\/span><\/p>\n<p><span style=\"color: #555555; font-family: Arial, 'Helvetica Neue', Helvetica, sans-serif; font-size: 14px; background-color: #ffffff;\">#treinamentos #manuten\u00e7\u00e3o #capacita\u00e7\u00e3o<\/span><\/p>\n<div><span style=\"color: #555555; font-family: Arial, 'Helvetica Neue', Helvetica, sans-serif; font-size: 14px; background-color: #ffffff;\">&nbsp;<\/span><\/div>\n","protected":false},"excerpt":{"rendered":"<p>Nesse m\u00eas de junho iniciamos um Ciclo de Treinamentos de Capacita\u00e7\u00e3o para funcion\u00e1rios da manuten\u00e7\u00e3o e colaboradores interessados na \u00e1rea. Onde inauguramos uma nova sala de treinamentos, dentro da manuten\u00e7\u00e3o, para qualificar melhor a sua equipe. Nossos primeiros treinamentos foram focados nos conte\u00fados de Sistema El\u00e9trico de Elevadores, ministrado pelo nosso montador el\u00e9trico, Jos\u00e9 Bessa&hellip; <br \/> <a class=\"read-more\" href=\"http:\/\/viacaofortaleza.com.br\/index.php\/2019\/06\/19\/ciclo-de-treinamentos-de-capacitacao-manutencao\/\">Leia mais<\/a><\/p>\n","protected":false},"author":1,"featured_media":4211,"comment_status":"open","ping_status":"open","sticky":false,"template":"","format":"standard","meta":{"_mi_skip_tracking":false,"_monsterinsights_sitenote_active":false,"_monsterinsights_sitenote_note":"","_monsterinsights_sitenote_category":0,"ngg_post_thumbnail":0},"categories":[136],"tags":[385],"_links":{"self":[{"href":"http:\/\/viacaofortaleza.com.br\/index.php\/wp-json\/wp\/v2\/posts\/4210"}],"collection":[{"href":"http:\/\/viacaofortaleza.com.br\/index.php\/wp-json\/wp\/v2\/posts"}],"about":[{"href":"http:\/\/viacaofortaleza.com.br\/index.php\/wp-json\/wp\/v2\/types\/post"}],"author":[{"embeddable":true,"href":"http:\/\/viacaofortaleza.com.br\/index.php\/wp-json\/wp\/v2\/users\/1"}],"replies":[{"embeddable":true,"href":"http:\/\/viacaofortaleza.com.br\/index.php\/wp-json\/wp\/v2\/comments?post=4210"}],"version-history":[{"count":1,"href":"http:\/\/viacaofortaleza.com.br\/index.php\/wp-json\/wp\/v2\/posts\/4210\/revisions"}],"predecessor-version":[{"id":4212,"href":"http:\/\/viacaofortaleza.com.br\/index.php\/wp-json\/wp\/v2\/posts\/4210\/revisions\/4212"}],"wp:featuredmedia":[{"embeddable":true,"href":"http:\/\/viacaofortaleza.com.br\/index.php\/wp-json\/wp\/v2\/media\/4211"}],"wp:attachment":[{"href":"http:\/\/viacaofortaleza.com.br\/index.php\/wp-json\/wp\/v2\/media?parent=4210"}],"wp:term":[{"taxonomy":"category","embeddable":true,"href":"http:\/\/viacaofortaleza.com.br\/index.php\/wp-json\/wp\/v2\/categories?post=4210"},{"taxonomy":"post_tag","embeddable":true,"href":"http:\/\/viacaofortaleza.com.br\/index.php\/wp-json\/wp\/v2\/tags?post=4210"}],"curies":[{"name":"wp","href":"https:\/\/api.w.org\/{rel}","templated":true}]}}