{"id":4314,"date":"2019-07-10T14:00:42","date_gmt":"2019-07-10T17:00:42","guid":{"rendered":"http:\/\/viacaofortaleza.com.br\/?p=4314"},"modified":"2019-07-10T09:43:50","modified_gmt":"2019-07-10T12:43:50","slug":"programa-de-capacitacao-de-motoristas-combate-a-incendio-3","status":"publish","type":"post","link":"http:\/\/viacaofortaleza.com.br\/index.php\/2019\/07\/10\/programa-de-capacitacao-de-motoristas-combate-a-incendio-3\/","title":{"rendered":"Programa de Capacita\u00e7\u00e3o de Motoristas &#8211; Combate a Inc\u00eandio"},"content":{"rendered":"<p>Nossos treinamentos de reciclagem do Programa de Capacita\u00e7\u00e3o de Motoristas, m\u00f3dulo de combate a inc\u00eandio, formaram mais duas turmas aptas no combate ao fogo.<\/p>\n<div>&nbsp;<\/div>\n<p>Via\u00e7\u00e3o Fortaleza<\/p>\n<p>H\u00e1 67 anos, construindo a nossa Fortaleza de todos os dias.<\/p>\n<p>#combateainc\u00eandio #seguran\u00e7a #reciclagem<\/p>\n","protected":false},"excerpt":{"rendered":"<p>Nossos treinamentos de reciclagem do Programa de Capacita\u00e7\u00e3o de Motoristas, m\u00f3dulo de combate a inc\u00eandio, formaram mais duas turmas aptas no combate ao fogo. &nbsp; Via\u00e7\u00e3o Fortaleza H\u00e1 67 anos, construindo a nossa Fortaleza de todos os dias. #combateainc\u00eandio #seguran\u00e7a #reciclagem<\/p>\n","protected":false},"author":1,"featured_media":4315,"comment_status":"open","ping_status":"open","sticky":false,"template":"","format":"standard","meta":{"_mi_skip_tracking":false,"_monsterinsights_sitenote_active":false,"_monsterinsights_sitenote_note":"","_monsterinsights_sitenote_category":0,"ngg_post_thumbnail":0},"categories":[136],"tags":[342],"_links":{"self":[{"href":"http:\/\/viacaofortaleza.com.br\/index.php\/wp-json\/wp\/v2\/posts\/4314"}],"collection":[{"href":"http:\/\/viacaofortaleza.com.br\/index.php\/wp-json\/wp\/v2\/posts"}],"about":[{"href":"http:\/\/viacaofortaleza.com.br\/index.php\/wp-json\/wp\/v2\/types\/post"}],"author":[{"embeddable":true,"href":"http:\/\/viacaofortaleza.com.br\/index.php\/wp-json\/wp\/v2\/users\/1"}],"replies":[{"embeddable":true,"href":"http:\/\/viacaofortaleza.com.br\/index.php\/wp-json\/wp\/v2\/comments?post=4314"}],"version-history":[{"count":1,"href":"http:\/\/viacaofortaleza.com.br\/index.php\/wp-json\/wp\/v2\/posts\/4314\/revisions"}],"predecessor-version":[{"id":4316,"href":"http:\/\/viacaofortaleza.com.br\/index.php\/wp-json\/wp\/v2\/posts\/4314\/revisions\/4316"}],"wp:featuredmedia":[{"embeddable":true,"href":"http:\/\/viacaofortaleza.com.br\/index.php\/wp-json\/wp\/v2\/media\/4315"}],"wp:attachment":[{"href":"http:\/\/viacaofortaleza.com.br\/index.php\/wp-json\/wp\/v2\/media?parent=4314"}],"wp:term":[{"taxonomy":"category","embeddable":true,"href":"http:\/\/viacaofortaleza.com.br\/index.php\/wp-json\/wp\/v2\/categories?post=4314"},{"taxonomy":"post_tag","embeddable":true,"href":"http:\/\/viacaofortaleza.com.br\/index.php\/wp-json\/wp\/v2\/tags?post=4314"}],"curies":[{"name":"wp","href":"https:\/\/api.w.org\/{rel}","templated":true}]}}