{"id":4363,"date":"2019-07-18T10:45:19","date_gmt":"2019-07-18T13:45:19","guid":{"rendered":"http:\/\/viacaofortaleza.com.br\/?p=4363"},"modified":"2019-07-18T10:45:19","modified_gmt":"2019-07-18T13:45:19","slug":"curso-coletivo-de-passageiros-2","status":"publish","type":"post","link":"http:\/\/viacaofortaleza.com.br\/index.php\/2019\/07\/18\/curso-coletivo-de-passageiros-2\/","title":{"rendered":"Curso Coletivo de Passageiros"},"content":{"rendered":"<p>Mais uma turma de condutores participou do Curso Especializado para Condutores de Ve\u00edculos de Transporte Coletivo de Passageiros, ministrado pelo monitor Sinval, do Sest Senat.<\/p>\n<p>Durante o per\u00edodo do curso foram trabalhados os m\u00f3dulos: legisla\u00e7\u00e3o de tr\u00e2nsito, dire\u00e7\u00e3o defensiva, no\u00e7\u00f5es de primeiros socorros, respeito ao meio ambiente, conv\u00edvio social e relacionamento interpessoal.<\/p>\n<p>Mais uma vez agradecemos ao Sest Senat e aos nosso colaboradores pela parceria de sempre.<\/p>\n<p>&nbsp;<\/p>\n<p>Via\u00e7\u00e3o Fortaleza<\/p>\n<p>H\u00e1 67 anos, construindo a nossa Fortaleza de todos os dias.<\/p>\n<div>&nbsp;<\/div>\n<p>#curso #coletivodepassageiros #sestsenat #qualifica\u00e7\u00e3o<\/p>\n","protected":false},"excerpt":{"rendered":"<p>Mais uma turma de condutores participou do Curso Especializado para Condutores de Ve\u00edculos de Transporte Coletivo de Passageiros, ministrado pelo monitor Sinval, do Sest Senat. Durante o per\u00edodo do curso foram trabalhados os m\u00f3dulos: legisla\u00e7\u00e3o de tr\u00e2nsito, dire\u00e7\u00e3o defensiva, no\u00e7\u00f5es de primeiros socorros, respeito ao meio ambiente, conv\u00edvio social e relacionamento interpessoal. Mais uma vez&hellip; <br \/> <a class=\"read-more\" href=\"http:\/\/viacaofortaleza.com.br\/index.php\/2019\/07\/18\/curso-coletivo-de-passageiros-2\/\">Leia mais<\/a><\/p>\n","protected":false},"author":1,"featured_media":4364,"comment_status":"open","ping_status":"open","sticky":false,"template":"","format":"standard","meta":{"_mi_skip_tracking":false,"_monsterinsights_sitenote_active":false,"_monsterinsights_sitenote_note":"","_monsterinsights_sitenote_category":0,"ngg_post_thumbnail":0},"categories":[136],"tags":[373],"_links":{"self":[{"href":"http:\/\/viacaofortaleza.com.br\/index.php\/wp-json\/wp\/v2\/posts\/4363"}],"collection":[{"href":"http:\/\/viacaofortaleza.com.br\/index.php\/wp-json\/wp\/v2\/posts"}],"about":[{"href":"http:\/\/viacaofortaleza.com.br\/index.php\/wp-json\/wp\/v2\/types\/post"}],"author":[{"embeddable":true,"href":"http:\/\/viacaofortaleza.com.br\/index.php\/wp-json\/wp\/v2\/users\/1"}],"replies":[{"embeddable":true,"href":"http:\/\/viacaofortaleza.com.br\/index.php\/wp-json\/wp\/v2\/comments?post=4363"}],"version-history":[{"count":1,"href":"http:\/\/viacaofortaleza.com.br\/index.php\/wp-json\/wp\/v2\/posts\/4363\/revisions"}],"predecessor-version":[{"id":4365,"href":"http:\/\/viacaofortaleza.com.br\/index.php\/wp-json\/wp\/v2\/posts\/4363\/revisions\/4365"}],"wp:featuredmedia":[{"embeddable":true,"href":"http:\/\/viacaofortaleza.com.br\/index.php\/wp-json\/wp\/v2\/media\/4364"}],"wp:attachment":[{"href":"http:\/\/viacaofortaleza.com.br\/index.php\/wp-json\/wp\/v2\/media?parent=4363"}],"wp:term":[{"taxonomy":"category","embeddable":true,"href":"http:\/\/viacaofortaleza.com.br\/index.php\/wp-json\/wp\/v2\/categories?post=4363"},{"taxonomy":"post_tag","embeddable":true,"href":"http:\/\/viacaofortaleza.com.br\/index.php\/wp-json\/wp\/v2\/tags?post=4363"}],"curies":[{"name":"wp","href":"https:\/\/api.w.org\/{rel}","templated":true}]}}