{"id":4385,"date":"2019-07-23T14:50:17","date_gmt":"2019-07-23T17:50:17","guid":{"rendered":"http:\/\/viacaofortaleza.com.br\/?p=4385"},"modified":"2019-07-23T14:50:17","modified_gmt":"2019-07-23T17:50:17","slug":"barbearia-zero2-6","status":"publish","type":"post","link":"http:\/\/viacaofortaleza.com.br\/index.php\/2019\/07\/23\/barbearia-zero2-6\/","title":{"rendered":"Barbearia Zero2"},"content":{"rendered":"<p>Mais uma vez a nossa&nbsp;Barbearia Zero2 abriu suas portas, desta vez em parceria ao Instituto Mix &#8211; Centro, com servi\u00e7os de corte de cabelo e barba, para nossos colaboradores&nbsp;<\/p>\n<div>Agradecemos a parceria e a disponibilidade dos alunos da turma de Barbearia do Instituto Mix &#8211; Centro.<\/p>\n<div>&nbsp;<\/div>\n<p>#barbeariazero2 #cabeloebarba<\/p>\n<div>&nbsp;<\/div>\n<p>Via\u00e7\u00e3o Fortaleza<\/p>\n<div>&nbsp;<\/div>\n<p>H\u00e1 67 anos, construindo a nossa Fortaleza de todos os dias.<\/p><\/div>\n","protected":false},"excerpt":{"rendered":"<p>Mais uma vez a nossa&nbsp;Barbearia Zero2 abriu suas portas, desta vez em parceria ao Instituto Mix &#8211; Centro, com servi\u00e7os de corte de cabelo e barba, para nossos colaboradores&nbsp; Agradecemos a parceria e a disponibilidade dos alunos da turma de Barbearia do Instituto Mix &#8211; Centro. &nbsp; #barbeariazero2 #cabeloebarba &nbsp; Via\u00e7\u00e3o Fortaleza &nbsp; H\u00e1 67&hellip; <br \/> <a class=\"read-more\" href=\"http:\/\/viacaofortaleza.com.br\/index.php\/2019\/07\/23\/barbearia-zero2-6\/\">Leia mais<\/a><\/p>\n","protected":false},"author":1,"featured_media":4386,"comment_status":"open","ping_status":"open","sticky":false,"template":"","format":"standard","meta":{"_mi_skip_tracking":false,"_monsterinsights_sitenote_active":false,"_monsterinsights_sitenote_note":"","_monsterinsights_sitenote_category":0,"ngg_post_thumbnail":0},"categories":[8],"tags":[381],"_links":{"self":[{"href":"http:\/\/viacaofortaleza.com.br\/index.php\/wp-json\/wp\/v2\/posts\/4385"}],"collection":[{"href":"http:\/\/viacaofortaleza.com.br\/index.php\/wp-json\/wp\/v2\/posts"}],"about":[{"href":"http:\/\/viacaofortaleza.com.br\/index.php\/wp-json\/wp\/v2\/types\/post"}],"author":[{"embeddable":true,"href":"http:\/\/viacaofortaleza.com.br\/index.php\/wp-json\/wp\/v2\/users\/1"}],"replies":[{"embeddable":true,"href":"http:\/\/viacaofortaleza.com.br\/index.php\/wp-json\/wp\/v2\/comments?post=4385"}],"version-history":[{"count":1,"href":"http:\/\/viacaofortaleza.com.br\/index.php\/wp-json\/wp\/v2\/posts\/4385\/revisions"}],"predecessor-version":[{"id":4387,"href":"http:\/\/viacaofortaleza.com.br\/index.php\/wp-json\/wp\/v2\/posts\/4385\/revisions\/4387"}],"wp:featuredmedia":[{"embeddable":true,"href":"http:\/\/viacaofortaleza.com.br\/index.php\/wp-json\/wp\/v2\/media\/4386"}],"wp:attachment":[{"href":"http:\/\/viacaofortaleza.com.br\/index.php\/wp-json\/wp\/v2\/media?parent=4385"}],"wp:term":[{"taxonomy":"category","embeddable":true,"href":"http:\/\/viacaofortaleza.com.br\/index.php\/wp-json\/wp\/v2\/categories?post=4385"},{"taxonomy":"post_tag","embeddable":true,"href":"http:\/\/viacaofortaleza.com.br\/index.php\/wp-json\/wp\/v2\/tags?post=4385"}],"curies":[{"name":"wp","href":"https:\/\/api.w.org\/{rel}","templated":true}]}}