{"id":4510,"date":"2019-07-31T15:08:16","date_gmt":"2019-07-31T18:08:16","guid":{"rendered":"http:\/\/viacaofortaleza.com.br\/?p=4510"},"modified":"2019-07-31T15:08:16","modified_gmt":"2019-07-31T18:08:16","slug":"gratidao-2","status":"publish","type":"post","link":"http:\/\/viacaofortaleza.com.br\/index.php\/2019\/07\/31\/gratidao-2\/","title":{"rendered":"Gratid\u00e3o"},"content":{"rendered":"<p>Hoje, se inicia um novo ciclo para dois de nossos cobradores, Marcos Celso e Ant\u00f4nio Vieira, que se dedicaram \u00e0 Via\u00e7\u00e3o Fortaleza, por 34 anos e 31 anos, respectivamente<\/p>\n<div>Somos muito gratos pela dedica\u00e7\u00e3o, comprometimento e amor de cada um de voc\u00eas \u00e0 nossa empresa. Voc\u00eas fazem parte da nossa hist\u00f3ria!<\/p>\n<div>&nbsp;<\/div>\n<p>#ciclos #fam\u00edlia #via\u00e7\u00e3ofortaleza #gratid\u00e3o #orgulho<\/p><\/div>\n","protected":false},"excerpt":{"rendered":"<p>Hoje, se inicia um novo ciclo para dois de nossos cobradores, Marcos Celso e Ant\u00f4nio Vieira, que se dedicaram \u00e0 Via\u00e7\u00e3o Fortaleza, por 34 anos e 31 anos, respectivamente Somos muito gratos pela dedica\u00e7\u00e3o, comprometimento e amor de cada um de voc\u00eas \u00e0 nossa empresa. Voc\u00eas fazem parte da nossa hist\u00f3ria! &nbsp; #ciclos #fam\u00edlia #via\u00e7\u00e3ofortaleza&hellip; <br \/> <a class=\"read-more\" href=\"http:\/\/viacaofortaleza.com.br\/index.php\/2019\/07\/31\/gratidao-2\/\">Leia mais<\/a><\/p>\n","protected":false},"author":1,"featured_media":4511,"comment_status":"open","ping_status":"open","sticky":false,"template":"","format":"standard","meta":{"_mi_skip_tracking":false,"_monsterinsights_sitenote_active":false,"_monsterinsights_sitenote_note":"","_monsterinsights_sitenote_category":0,"ngg_post_thumbnail":0},"categories":[1],"tags":[39,365],"_links":{"self":[{"href":"http:\/\/viacaofortaleza.com.br\/index.php\/wp-json\/wp\/v2\/posts\/4510"}],"collection":[{"href":"http:\/\/viacaofortaleza.com.br\/index.php\/wp-json\/wp\/v2\/posts"}],"about":[{"href":"http:\/\/viacaofortaleza.com.br\/index.php\/wp-json\/wp\/v2\/types\/post"}],"author":[{"embeddable":true,"href":"http:\/\/viacaofortaleza.com.br\/index.php\/wp-json\/wp\/v2\/users\/1"}],"replies":[{"embeddable":true,"href":"http:\/\/viacaofortaleza.com.br\/index.php\/wp-json\/wp\/v2\/comments?post=4510"}],"version-history":[{"count":1,"href":"http:\/\/viacaofortaleza.com.br\/index.php\/wp-json\/wp\/v2\/posts\/4510\/revisions"}],"predecessor-version":[{"id":4512,"href":"http:\/\/viacaofortaleza.com.br\/index.php\/wp-json\/wp\/v2\/posts\/4510\/revisions\/4512"}],"wp:featuredmedia":[{"embeddable":true,"href":"http:\/\/viacaofortaleza.com.br\/index.php\/wp-json\/wp\/v2\/media\/4511"}],"wp:attachment":[{"href":"http:\/\/viacaofortaleza.com.br\/index.php\/wp-json\/wp\/v2\/media?parent=4510"}],"wp:term":[{"taxonomy":"category","embeddable":true,"href":"http:\/\/viacaofortaleza.com.br\/index.php\/wp-json\/wp\/v2\/categories?post=4510"},{"taxonomy":"post_tag","embeddable":true,"href":"http:\/\/viacaofortaleza.com.br\/index.php\/wp-json\/wp\/v2\/tags?post=4510"}],"curies":[{"name":"wp","href":"https:\/\/api.w.org\/{rel}","templated":true}]}}