{"id":4514,"date":"2019-07-31T15:34:12","date_gmt":"2019-07-31T18:34:12","guid":{"rendered":"http:\/\/viacaofortaleza.com.br\/?p=4514"},"modified":"2019-07-31T15:34:12","modified_gmt":"2019-07-31T18:34:12","slug":"iii-encontro-do-grupo-fortalecerh-programa-de-desenvolvimento-de-lideres","status":"publish","type":"post","link":"http:\/\/viacaofortaleza.com.br\/index.php\/2019\/07\/31\/iii-encontro-do-grupo-fortalecerh-programa-de-desenvolvimento-de-lideres\/","title":{"rendered":"III Encontro do Grupo Fortalecerh &#8211; Programa de Desenvolvimento de L\u00edderes"},"content":{"rendered":"<p>Nosso III Encontro do Grupo Fortalecerh &#8211; Programa de Desenvolvimento de L\u00edderes, trouxe um novo momento de reflex\u00e3o, aprendizado e&nbsp;desenvolvimento pessoal e profissional para nossos colaboradores.<\/p>\n<p>\u201cLideran\u00e7a e aprendizagem s\u00e3o indispens\u00e1veis um ao outro\u201d \u2013 John F. Kennedy.<\/p>\n<div>&nbsp;<\/div>\n<p>#fortalecerh #via\u00e7\u00e3ofortaleza #encontrodel\u00edderes<\/p>\n","protected":false},"excerpt":{"rendered":"<p>Nosso III Encontro do Grupo Fortalecerh &#8211; Programa de Desenvolvimento de L\u00edderes, trouxe um novo momento de reflex\u00e3o, aprendizado e&nbsp;desenvolvimento pessoal e profissional para nossos colaboradores. \u201cLideran\u00e7a e aprendizagem s\u00e3o indispens\u00e1veis um ao outro\u201d \u2013 John F. Kennedy. &nbsp; #fortalecerh #via\u00e7\u00e3ofortaleza #encontrodel\u00edderes<\/p>\n","protected":false},"author":1,"featured_media":4515,"comment_status":"open","ping_status":"open","sticky":false,"template":"","format":"standard","meta":{"_mi_skip_tracking":false,"_monsterinsights_sitenote_active":false,"_monsterinsights_sitenote_note":"","_monsterinsights_sitenote_category":0,"ngg_post_thumbnail":0},"categories":[136],"tags":[408],"_links":{"self":[{"href":"http:\/\/viacaofortaleza.com.br\/index.php\/wp-json\/wp\/v2\/posts\/4514"}],"collection":[{"href":"http:\/\/viacaofortaleza.com.br\/index.php\/wp-json\/wp\/v2\/posts"}],"about":[{"href":"http:\/\/viacaofortaleza.com.br\/index.php\/wp-json\/wp\/v2\/types\/post"}],"author":[{"embeddable":true,"href":"http:\/\/viacaofortaleza.com.br\/index.php\/wp-json\/wp\/v2\/users\/1"}],"replies":[{"embeddable":true,"href":"http:\/\/viacaofortaleza.com.br\/index.php\/wp-json\/wp\/v2\/comments?post=4514"}],"version-history":[{"count":1,"href":"http:\/\/viacaofortaleza.com.br\/index.php\/wp-json\/wp\/v2\/posts\/4514\/revisions"}],"predecessor-version":[{"id":4516,"href":"http:\/\/viacaofortaleza.com.br\/index.php\/wp-json\/wp\/v2\/posts\/4514\/revisions\/4516"}],"wp:featuredmedia":[{"embeddable":true,"href":"http:\/\/viacaofortaleza.com.br\/index.php\/wp-json\/wp\/v2\/media\/4515"}],"wp:attachment":[{"href":"http:\/\/viacaofortaleza.com.br\/index.php\/wp-json\/wp\/v2\/media?parent=4514"}],"wp:term":[{"taxonomy":"category","embeddable":true,"href":"http:\/\/viacaofortaleza.com.br\/index.php\/wp-json\/wp\/v2\/categories?post=4514"},{"taxonomy":"post_tag","embeddable":true,"href":"http:\/\/viacaofortaleza.com.br\/index.php\/wp-json\/wp\/v2\/tags?post=4514"}],"curies":[{"name":"wp","href":"https:\/\/api.w.org\/{rel}","templated":true}]}}