{"id":4526,"date":"2019-08-01T09:43:04","date_gmt":"2019-08-01T12:43:04","guid":{"rendered":"http:\/\/viacaofortaleza.com.br\/?p=4526"},"modified":"2019-08-01T09:43:04","modified_gmt":"2019-08-01T12:43:04","slug":"dia-do-profissional-do-transporte-3","status":"publish","type":"post","link":"http:\/\/viacaofortaleza.com.br\/index.php\/2019\/08\/01\/dia-do-profissional-do-transporte-3\/","title":{"rendered":"Dia do Profissional do Transporte"},"content":{"rendered":"<p>E a nossa comemora\u00e7\u00e3o pelo Dia do Profissional do Transporte foi cheia de muita alegria, anima\u00e7\u00e3o, sorrisos e abra\u00e7os.<\/p>\n<p>Dia de reconhecer e parabenizar aqueles que conduzem vidas com maestria, seguran\u00e7a, respeito e muito amor ao pr\u00f3ximo!<\/p>\n<p>Mais uma vez damos os parab\u00e9ns \u00e0 todos os condutores de vidas!<\/p>\n<p>&gt; VEJA MAIS FOTOS NO FACEBOOK:&nbsp;https:\/\/www.facebook.com\/pg\/viacaofortaleza\/photos\/?tab=album&amp;album_id=2241147235983210&amp;<\/p>\n<p>#diadoprofissionaldotransporte #condutoresdevidas #comemora\u00e7\u00e3o #orgulho #gratid\u00e3o<\/p>\n","protected":false},"excerpt":{"rendered":"<p>E a nossa comemora\u00e7\u00e3o pelo Dia do Profissional do Transporte foi cheia de muita alegria, anima\u00e7\u00e3o, sorrisos e abra\u00e7os. Dia de reconhecer e parabenizar aqueles que conduzem vidas com maestria, seguran\u00e7a, respeito e muito amor ao pr\u00f3ximo! Mais uma vez damos os parab\u00e9ns \u00e0 todos os condutores de vidas! &gt; VEJA MAIS FOTOS NO FACEBOOK:&nbsp;https:\/\/www.facebook.com\/pg\/viacaofortaleza\/photos\/?tab=album&amp;album_id=2241147235983210&amp;&hellip; <br \/> <a class=\"read-more\" href=\"http:\/\/viacaofortaleza.com.br\/index.php\/2019\/08\/01\/dia-do-profissional-do-transporte-3\/\">Leia mais<\/a><\/p>\n","protected":false},"author":1,"featured_media":4527,"comment_status":"open","ping_status":"open","sticky":false,"template":"","format":"standard","meta":{"_mi_skip_tracking":false,"_monsterinsights_sitenote_active":false,"_monsterinsights_sitenote_note":"","_monsterinsights_sitenote_category":0,"ngg_post_thumbnail":0},"categories":[3],"tags":[402],"_links":{"self":[{"href":"http:\/\/viacaofortaleza.com.br\/index.php\/wp-json\/wp\/v2\/posts\/4526"}],"collection":[{"href":"http:\/\/viacaofortaleza.com.br\/index.php\/wp-json\/wp\/v2\/posts"}],"about":[{"href":"http:\/\/viacaofortaleza.com.br\/index.php\/wp-json\/wp\/v2\/types\/post"}],"author":[{"embeddable":true,"href":"http:\/\/viacaofortaleza.com.br\/index.php\/wp-json\/wp\/v2\/users\/1"}],"replies":[{"embeddable":true,"href":"http:\/\/viacaofortaleza.com.br\/index.php\/wp-json\/wp\/v2\/comments?post=4526"}],"version-history":[{"count":1,"href":"http:\/\/viacaofortaleza.com.br\/index.php\/wp-json\/wp\/v2\/posts\/4526\/revisions"}],"predecessor-version":[{"id":4529,"href":"http:\/\/viacaofortaleza.com.br\/index.php\/wp-json\/wp\/v2\/posts\/4526\/revisions\/4529"}],"wp:featuredmedia":[{"embeddable":true,"href":"http:\/\/viacaofortaleza.com.br\/index.php\/wp-json\/wp\/v2\/media\/4527"}],"wp:attachment":[{"href":"http:\/\/viacaofortaleza.com.br\/index.php\/wp-json\/wp\/v2\/media?parent=4526"}],"wp:term":[{"taxonomy":"category","embeddable":true,"href":"http:\/\/viacaofortaleza.com.br\/index.php\/wp-json\/wp\/v2\/categories?post=4526"},{"taxonomy":"post_tag","embeddable":true,"href":"http:\/\/viacaofortaleza.com.br\/index.php\/wp-json\/wp\/v2\/tags?post=4526"}],"curies":[{"name":"wp","href":"https:\/\/api.w.org\/{rel}","templated":true}]}}