{"id":4578,"date":"2019-08-06T09:22:38","date_gmt":"2019-08-06T12:22:38","guid":{"rendered":"http:\/\/viacaofortaleza.com.br\/?p=4578"},"modified":"2019-08-06T14:41:34","modified_gmt":"2019-08-06T17:41:34","slug":"transportando-saude-nas-cidades","status":"publish","type":"post","link":"http:\/\/viacaofortaleza.com.br\/index.php\/2019\/08\/06\/transportando-saude-nas-cidades\/","title":{"rendered":"Transportando Sa\u00fade nas Cidades"},"content":{"rendered":"<p><span style=\"color: #555555; font-family: Arial, 'Helvetica Neue', Helvetica, sans-serif; font-size: 14px; background-color: #ffffff;\">ATEN\u00c7\u00c3O COLABORADORES!<\/span><\/p>\n<div style=\"color: #555555; font-family: Arial, 'Helvetica Neue', Helvetica, sans-serif; font-size: 14px; background-color: #ffffff;\">Em parceria com o Sest Senat, teremos um dia dedicado \u00e0 voc\u00ea, pois c<span style=\"background-color: transparent; font-size: inherit;\">uidar da qualidade de vida do trabalhador do transporte \u00e9 um benef\u00edcio para todo o Brasil!<\/span><\/div>\n<div style=\"color: #555555; font-family: Arial, 'Helvetica Neue', Helvetica, sans-serif; font-size: 14px; background-color: #ffffff;\"><span style=\"background-color: transparent; font-size: inherit;\">&nbsp;<\/span><\/div>\n<div style=\"color: #555555; font-family: Arial, 'Helvetica Neue', Helvetica, sans-serif; font-size: 14px; background-color: #ffffff;\"><span style=\"background-color: transparent; font-size: inherit;\">Dia 08 de agosto, de 08 \u00e1s 15h, aqui na garagem da Via\u00e7\u00e3o Fortaleza!<\/span><\/div>\n<div style=\"color: #555555; font-family: Arial, 'Helvetica Neue', Helvetica, sans-serif; font-size: 14px; background-color: #ffffff;\"><span style=\"background-color: transparent; font-size: inherit;\">&nbsp;<\/span><\/div>\n<div style=\"color: #555555; font-family: Arial, 'Helvetica Neue', Helvetica, sans-serif; font-size: 14px; background-color: #ffffff;\"><span style=\"background-color: transparent; font-size: inherit;\">Contamos com sua participa\u00e7\u00e3o!<\/span><\/div>\n<div style=\"color: #555555; font-family: Arial, 'Helvetica Neue', Helvetica, sans-serif; font-size: 14px; background-color: #ffffff;\"><span style=\"background-color: transparent; font-size: inherit;\">&nbsp;<\/span><\/div>\n<div style=\"color: #555555; font-family: Arial, 'Helvetica Neue', Helvetica, sans-serif; font-size: 14px; background-color: #ffffff;\"><span style=\"background-color: transparent; font-size: inherit;\">#qualidadedevida #condutores #transporte #sestsenat<\/span><\/div>\n<div><span style=\"background-color: transparent; font-size: inherit;\">&nbsp;<\/span><\/div>\n","protected":false},"excerpt":{"rendered":"<p>ATEN\u00c7\u00c3O COLABORADORES! Em parceria com o Sest Senat, teremos um dia dedicado \u00e0 voc\u00ea, pois cuidar da qualidade de vida do trabalhador do transporte \u00e9 um benef\u00edcio para todo o Brasil! &nbsp; Dia 08 de agosto, de 08 \u00e1s 15h, aqui na garagem da Via\u00e7\u00e3o Fortaleza! &nbsp; Contamos com sua participa\u00e7\u00e3o! &nbsp; #qualidadedevida #condutores #transporte&hellip; <br \/> <a class=\"read-more\" href=\"http:\/\/viacaofortaleza.com.br\/index.php\/2019\/08\/06\/transportando-saude-nas-cidades\/\">Leia mais<\/a><\/p>\n","protected":false},"author":1,"featured_media":4590,"comment_status":"open","ping_status":"open","sticky":false,"template":"","format":"standard","meta":{"_mi_skip_tracking":false,"_monsterinsights_sitenote_active":false,"_monsterinsights_sitenote_note":"","_monsterinsights_sitenote_category":0,"ngg_post_thumbnail":0},"categories":[1],"tags":[423],"_links":{"self":[{"href":"http:\/\/viacaofortaleza.com.br\/index.php\/wp-json\/wp\/v2\/posts\/4578"}],"collection":[{"href":"http:\/\/viacaofortaleza.com.br\/index.php\/wp-json\/wp\/v2\/posts"}],"about":[{"href":"http:\/\/viacaofortaleza.com.br\/index.php\/wp-json\/wp\/v2\/types\/post"}],"author":[{"embeddable":true,"href":"http:\/\/viacaofortaleza.com.br\/index.php\/wp-json\/wp\/v2\/users\/1"}],"replies":[{"embeddable":true,"href":"http:\/\/viacaofortaleza.com.br\/index.php\/wp-json\/wp\/v2\/comments?post=4578"}],"version-history":[{"count":1,"href":"http:\/\/viacaofortaleza.com.br\/index.php\/wp-json\/wp\/v2\/posts\/4578\/revisions"}],"predecessor-version":[{"id":4580,"href":"http:\/\/viacaofortaleza.com.br\/index.php\/wp-json\/wp\/v2\/posts\/4578\/revisions\/4580"}],"wp:featuredmedia":[{"embeddable":true,"href":"http:\/\/viacaofortaleza.com.br\/index.php\/wp-json\/wp\/v2\/media\/4590"}],"wp:attachment":[{"href":"http:\/\/viacaofortaleza.com.br\/index.php\/wp-json\/wp\/v2\/media?parent=4578"}],"wp:term":[{"taxonomy":"category","embeddable":true,"href":"http:\/\/viacaofortaleza.com.br\/index.php\/wp-json\/wp\/v2\/categories?post=4578"},{"taxonomy":"post_tag","embeddable":true,"href":"http:\/\/viacaofortaleza.com.br\/index.php\/wp-json\/wp\/v2\/tags?post=4578"}],"curies":[{"name":"wp","href":"https:\/\/api.w.org\/{rel}","templated":true}]}}